{"id":14246,"date":"2016-01-17T19:00:03","date_gmt":"2016-01-17T22:00:03","guid":{"rendered":"http:\/\/www.yungayino.cl\/noticias\/?p=14246"},"modified":"2016-01-17T20:40:44","modified_gmt":"2016-01-17T23:40:44","slug":"arquitecto-que-diseno-viviendas-de-yungay-obtiene-prestigioso-premio-pritzker","status":"publish","type":"post","link":"https:\/\/www.yungayino.cl\/noticias\/?p=14246","title":{"rendered":"Arquitecto que Dise\u00f1o Viviendas de Yungay Obtiene Prestigioso \u201cPremio Pritzker\u201d"},"content":{"rendered":"<p style=\"text-align: justify;\">Yungay, domingo 17 de enero 2016: El connotado arquitecto nacional, Alejandro Aravena, fue distinguido con el m\u00e1ximo reconocimiento mundial en dicho \u00e1mbito: el Premio Pritzker.<\/p>\n<p style=\"text-align: justify;\">El profesional de la oficina de arquitectura Elemental se convierte en el primer chileno y el cuarto latinoamericano en obtener el galard\u00f3n, despu\u00e9s del mexicano Luis Barrag\u00e1n en 1980 y los brasile\u00f1os Oscar Niemeyer y Paulo Mendes da Rocha, en 1988 y 2006, respectivamente.<\/p>\n<p style=\"text-align: justify;\">El Premio Pritzker es considerado el premio Nobel de Arquitectura y el m\u00e1s importante de la disciplina en todo el mundo.<\/p>\n<p style=\"text-align: justify;\">El galard\u00f3n fue anunciado hoy por Tom Pritzker, presidente y director de la junta directiva de la Fundaci\u00f3n Hyatt, con sede en Chicago. Al anunciar su fallo, el jurado destac\u00f3 que \u201cpocos han cumplido las exigencias de ejercer la arquitectura como una labor art\u00edstica al tiempo que enfrentan los desaf\u00edos sociales y econ\u00f3micos. Aravena ha logrado ambos y al hacerlo ha expandido significativamente el papel del arquitecto\u201d.<\/p>\n<p style=\"text-align: justify;\">Por su parte, Alejandro Aravena dijo: \u201cMirando hacia atr\u00e1s, nos sentimos profundamente agradecidos. Ning\u00fan logro es individual y la arquitectura es una disciplina colectiva\u2026 El prestigio, el alcance y la seriedad de este reconocimiento es tal que esperamos utilizar este impulso para explorar nuevos territorios, enfrentar nuevos desaf\u00edos e ingresar a nuevos campos de acci\u00f3n. Mirando el presente, estamos at\u00f3nitos y felices. Es tiempo de celebrar y compartir nuestra alegr\u00eda con todas las personas posibles.\u201d<\/p>\n<p style=\"text-align: justify;\"><strong>Trayectoria Brillante<\/strong><\/p>\n<p style=\"text-align: justify;\">La obtenci\u00f3n del Premio Pritzker viene a coronar una trayectoria profesional brillante, sum\u00e1ndose a otras distinciones alcanzadas a nivel internacional y tambi\u00e9n en el pa\u00eds con proyectos importantes como el Plan de Reconstrucci\u00f3n Sustentable de Constituci\u00f3n (PRES) y el Plan de Vivienda para Trabajadores que desarrolla la empresa ARAUCO en las regiones de Maule, B\u00edo B\u00edo y Los R\u00edos.<\/p>\n<p style=\"text-align: justify;\">En el caso de esta \u00faltima iniciativa, destaca el proyecto \u201cEntre R\u00edos\u201d, actualmente en construcci\u00f3n en la comuna de Yungay, Provincia de \u00d1uble.<\/p>\n<p style=\"text-align: justify;\">Se trata de 240 viviendas de dos pisos, que consideran la construcci\u00f3n de la primera etapa o entrega inicial, pero incorpora todos los detalles constructivos y consideraciones que permitan ejecutar la ampliaci\u00f3n proyectada completa en una segunda etapa para algunas tipolog\u00edas y la ejecuci\u00f3n de la ampliaci\u00f3n de segundo piso para otras. Son las denominadas \u201cviviendas incrementales\u201d, que fueron calificadas como \u201cinnovadoras\u201d por el jurado del premio Pritzker.<\/p>\n<p style=\"text-align: justify;\">Las viviendas se agrupan en torno a patios comunes, introduciendo entre el espacio p\u00fablico y el privado, el espacio colectivo: una propiedad com\u00fan de acceso restringido, que promueve las redes sociales y la vida de barrio.<\/p>\n<p style=\"text-align: justify;\"><!--more--><\/p>\n<p style=\"text-align: justify;\"><strong>Plan de Vivienda<\/strong><\/p>\n<p style=\"text-align: justify;\">El Plan de Vivienda para Trabajadores (PVT), es una iniciativa de valor compartido implementada por la empresa ARAUCO para promover el acceso a la vivienda de los trabajadores de sus distintas l\u00edneas de negocios, de las empresas proveedoras y aquellas comunidades de sus \u00e1reas de influencia. As\u00ed, la compa\u00f1\u00eda apoya la gesti\u00f3n de terrenos para fines habitacionales y desarrolla programas de acompa\u00f1amiento t\u00e9cnico y social para la postulaci\u00f3n de subsidios p\u00fablicos.<\/p>\n<p style=\"text-align: justify;\">Transcurridos cinco a\u00f1os desde su partida, el Plan de Vivienda para Trabajadores (PVT) ha desarrollado exitosamente tres proyectos en las comunas de Curanilahue (Parque Forestal), Mariquina (Villa Forestal) y Constituci\u00f3n (Villa Verde), que en total suman 1.157 casas. Entre 2016 y 2017 se espera inaugurar \u201cEntre Rios\u201d, de Yungay, adem\u00e1s de conjuntos habitacionales en Los \u00c1lamos y Constituci\u00f3n.<\/p>\n<p style=\"text-align: justify;\">En el caso de Villa Verde y Entre R\u00edos, los dise\u00f1os de las viviendas son obra de la oficina de arquitectura de Alejandro Aravena, Elemental, e incorporan aspectos destacables como la sustentabilidad (huella de carbono positiva) que caracteriza a toda construcci\u00f3n en madera. En la construcci\u00f3n se utilizan maderas de mejor calidad que las que habitualmente se destinan a viviendas sociales, contando adem\u00e1s con una aislaci\u00f3n t\u00e9rmica y ac\u00fastica por sobre el promedio.<\/p>\n<p style=\"text-align: justify;\">Ambos conjuntos fueron dise\u00f1ados considerando patios interiores y pasajes que favorecen la organizaci\u00f3n comunitaria.<\/p>\n<p style=\"text-align: justify;\"><strong>[su_button url=\u00bbhttps:\/\/www.facebook.com\/media\/set\/?set=a.1213913341957036.1073742726.159561284058919&amp;type=1&amp;l=0f8f2ebc6e\u00bb target=\u00bbblank\u00bb size=\u00bb7&#8243; radius=\u00bbround\u00bb icon=\u00bbicon: camera-retro\u00bb]FOTOGRAF\u00cdAS &#8211; Arquitecto que Dise\u00f1o Viviendas de Yungay Obtiene Prestigioso \u201cPremio Pritzker\u201d[\/su_button]<\/strong><\/p>\n","protected":false},"excerpt":{"rendered":"<p>Yungay, domingo 17 de enero 2016: El connotado arquitecto nacional, Alejandro Aravena, fue distinguido con el m\u00e1ximo reconocimiento mundial en dicho \u00e1mbito: el Premio Pritzker. El profesional de la oficina de arquitectura Elemental se&#46;&#46;&#46;<\/p>\n","protected":false},"author":2,"featured_media":14247,"comment_status":"open","ping_status":"open","sticky":false,"template":"","format":"standard","meta":{"footnotes":""},"categories":[3,1],"tags":[350,1115,1210,8,6,117],"class_list":["post-14246","post","type-post","status-publish","format-standard","has-post-thumbnail","hentry","category-actualidad","category-noticias","tag-arauco","tag-noticias","tag-proyecto-habitacional-entre-rios","tag-yungay","tag-yungayino","tag-yungayinocl"],"_links":{"self":[{"href":"https:\/\/www.yungayino.cl\/noticias\/index.php?rest_route=\/wp\/v2\/posts\/14246","targetHints":{"allow":["GET"]}}],"collection":[{"href":"https:\/\/www.yungayino.cl\/noticias\/index.php?rest_route=\/wp\/v2\/posts"}],"about":[{"href":"https:\/\/www.yungayino.cl\/noticias\/index.php?rest_route=\/wp\/v2\/types\/post"}],"author":[{"embeddable":true,"href":"https:\/\/www.yungayino.cl\/noticias\/index.php?rest_route=\/wp\/v2\/users\/2"}],"replies":[{"embeddable":true,"href":"https:\/\/www.yungayino.cl\/noticias\/index.php?rest_route=%2Fwp%2Fv2%2Fcomments&post=14246"}],"version-history":[{"count":2,"href":"https:\/\/www.yungayino.cl\/noticias\/index.php?rest_route=\/wp\/v2\/posts\/14246\/revisions"}],"predecessor-version":[{"id":14249,"href":"https:\/\/www.yungayino.cl\/noticias\/index.php?rest_route=\/wp\/v2\/posts\/14246\/revisions\/14249"}],"wp:featuredmedia":[{"embeddable":true,"href":"https:\/\/www.yungayino.cl\/noticias\/index.php?rest_route=\/wp\/v2\/media\/14247"}],"wp:attachment":[{"href":"https:\/\/www.yungayino.cl\/noticias\/index.php?rest_route=%2Fwp%2Fv2%2Fmedia&parent=14246"}],"wp:term":[{"taxonomy":"category","embeddable":true,"href":"https:\/\/www.yungayino.cl\/noticias\/index.php?rest_route=%2Fwp%2Fv2%2Fcategories&post=14246"},{"taxonomy":"post_tag","embeddable":true,"href":"https:\/\/www.yungayino.cl\/noticias\/index.php?rest_route=%2Fwp%2Fv2%2Ftags&post=14246"}],"curies":[{"name":"wp","href":"https:\/\/api.w.org\/{rel}","templated":true}]}}