{"id":14288,"date":"2016-01-20T15:00:59","date_gmt":"2016-01-20T18:00:59","guid":{"rendered":"http:\/\/www.yungayino.cl\/noticias\/?p=14288"},"modified":"2016-01-21T10:31:55","modified_gmt":"2016-01-21T13:31:55","slug":"trabajadores-de-yungay-reciben-certificacion-en-carpinteria-en-terminaciones","status":"publish","type":"post","link":"https:\/\/www.yungayino.cl\/noticias\/?p=14288","title":{"rendered":"Trabajadores de Yungay Reciben Certificaci\u00f3n en \u201cCarpinter\u00eda en Terminaciones\u201d"},"content":{"rendered":"<p style=\"text-align: justify;\">Yungay, mi\u00e9rcoles 20 de enero 2016: En el Auditorio de la Biblioteca P\u00fablica Municipal, se realiz\u00f3 la ceremonia de certificaci\u00f3n de la Escuela de Oficios asociada al proyecto Entre R\u00edos, correspondiente al Plan de Vivienda para Trabajadores (PVT) que impulsa la empresa ARAUCO.<\/p>\n<p style=\"text-align: justify;\">El PVT ofrece en primera instancia una vivienda a los trabajadores de la empresa y luego se abre a la comunidad que quiera formar parte. Siguiendo la l\u00ednea de agregar valor compartido al proyecto habitacional y capacitar anticipadamente a la comunidad para este importante proyecto, ARAUCO y la OTEC de la Universidad Cat\u00f3lica de la Sant\u00edsima Concepci\u00f3n gestionaron el curso de \u201cCarpinter\u00eda en Terminaciones\u201d.<\/p>\n<p style=\"text-align: justify;\">Participaron en esta Escuela de Oficios, 23 personas de entre 18 y 65 a\u00f1os, donde el curso tuvo una duraci\u00f3n de 200 horas, y el cual se realiz\u00f3 en el Liceo A-17 de Yungay.<\/p>\n<p style=\"text-align: justify;\">\u201cEl objetivo principal fue que los asistentes conocieran las m\u00e1quinas, herramientas y t\u00e9cnicas de carpinter\u00eda en terminaciones para otorgarles mejores condiciones de empleabilidad y, en la medida que se requiera, que se incorporen a las obras del proyecto Entre R\u00edos\u201d, dijo Fernando Valenzuela, jefe del PVT.<\/p>\n<p style=\"text-align: justify;\">Guido Salazar, director de la OTEC, coment\u00f3 que \u201cpara esto realizamos una serie de reuniones con la finalidad de conocer las necesidades que se tienen respecto a la mano de obra que necesita la Constructora Garc\u00eda, a cargo de las obras, orient\u00e1ndonos as\u00ed a cursos que tuvieran el objetivo de que los participantes conocieron e identificaran las distintas m\u00e1quinas, herramientas y procesos para t\u00e9cnicas de carpinter\u00eda en terminaciones\u201d.<\/p>\n<p style=\"text-align: justify;\">Pedro Inostroza Valenzuela, alcalde de la Comuna de Yungay felicit\u00f3 a las 23 personas que recibieron su certificaci\u00f3n y a sus familias por apoyarlos, destac\u00f3 tambi\u00e9n a las damas que tambi\u00e9n participaron en este curso se\u00f1alando que las oportunidades son para todos y se\u00f1alo que esta capacitaci\u00f3n les permitir\u00e1 desarrollarse profesionalmente en el futuro y reiter\u00f3 sus agradecimientos a la empresa ARAUCO por este proyecto.<\/p>\n<p style=\"text-align: justify;\"><strong>\u00a0<\/strong><\/p>\n<p style=\"text-align: justify;\"><strong>Villa Entre R\u00edos<\/strong><\/p>\n<p style=\"text-align: justify;\">Las 240 casas del proyecto fueron dise\u00f1adas por la oficina Elemental, bajo el concepto de viviendas incrementales, es decir, que facilitan su ampliaci\u00f3n, por lo que tener integrantes de la comunidad capacitados, ser\u00e1 de gran soluci\u00f3n para aquellas familias que deseen realizarlo.<\/p>\n<p style=\"text-align: justify;\">Elemental es una organizaci\u00f3n de 5 arquitectos, dirigida por Alejandro Aravena, que en estos d\u00edas recibi\u00f3 el Premio Pritzker, por su contribuci\u00f3n a desarrollar proyectos sociales como es el Plan de Vivienda al Trabajador que parti\u00f3 en Constituci\u00f3n el 2011 y ahora se replica en Yungay y otras comunas de Maule, B\u00edo B\u00edo y Los R\u00edos.<\/p>\n<p style=\"text-align: justify;\">[su_button url=\u00bbhttps:\/\/www.facebook.com\/media\/set\/?set=a.1216036315078072.1073742734.159561284058919&amp;type=1&amp;l=3103bfac78&#8243; target=\u00bbblank\u00bb size=\u00bb7&#8243; radius=\u00bbround\u00bb icon=\u00bbicon: camera-retro\u00bb]FOTOGRAF\u00cdAS &#8211; Trabajadores de Yungay Reciben Certificaci\u00f3n en \u201cCarpinter\u00eda en Terminaciones\u201d[\/su_button]<\/p>\n","protected":false},"excerpt":{"rendered":"<p>Yungay, mi\u00e9rcoles 20 de enero 2016: En el Auditorio de la Biblioteca P\u00fablica Municipal, se realiz\u00f3 la ceremonia de certificaci\u00f3n de la Escuela de Oficios asociada al proyecto Entre R\u00edos, correspondiente al Plan de&#46;&#46;&#46;<\/p>\n","protected":false},"author":2,"featured_media":14286,"comment_status":"open","ping_status":"open","sticky":false,"template":"","format":"standard","meta":{"footnotes":""},"categories":[1,32],"tags":[1246,1115,8,6,117],"class_list":["post-14288","post","type-post","status-publish","format-standard","has-post-thumbnail","hentry","category-noticias","category-servicios","tag-capacitacion-carpinteria","tag-noticias","tag-yungay","tag-yungayino","tag-yungayinocl"],"_links":{"self":[{"href":"https:\/\/www.yungayino.cl\/noticias\/index.php?rest_route=\/wp\/v2\/posts\/14288","targetHints":{"allow":["GET"]}}],"collection":[{"href":"https:\/\/www.yungayino.cl\/noticias\/index.php?rest_route=\/wp\/v2\/posts"}],"about":[{"href":"https:\/\/www.yungayino.cl\/noticias\/index.php?rest_route=\/wp\/v2\/types\/post"}],"author":[{"embeddable":true,"href":"https:\/\/www.yungayino.cl\/noticias\/index.php?rest_route=\/wp\/v2\/users\/2"}],"replies":[{"embeddable":true,"href":"https:\/\/www.yungayino.cl\/noticias\/index.php?rest_route=%2Fwp%2Fv2%2Fcomments&post=14288"}],"version-history":[{"count":2,"href":"https:\/\/www.yungayino.cl\/noticias\/index.php?rest_route=\/wp\/v2\/posts\/14288\/revisions"}],"predecessor-version":[{"id":14290,"href":"https:\/\/www.yungayino.cl\/noticias\/index.php?rest_route=\/wp\/v2\/posts\/14288\/revisions\/14290"}],"wp:featuredmedia":[{"embeddable":true,"href":"https:\/\/www.yungayino.cl\/noticias\/index.php?rest_route=\/wp\/v2\/media\/14286"}],"wp:attachment":[{"href":"https:\/\/www.yungayino.cl\/noticias\/index.php?rest_route=%2Fwp%2Fv2%2Fmedia&parent=14288"}],"wp:term":[{"taxonomy":"category","embeddable":true,"href":"https:\/\/www.yungayino.cl\/noticias\/index.php?rest_route=%2Fwp%2Fv2%2Fcategories&post=14288"},{"taxonomy":"post_tag","embeddable":true,"href":"https:\/\/www.yungayino.cl\/noticias\/index.php?rest_route=%2Fwp%2Fv2%2Ftags&post=14288"}],"curies":[{"name":"wp","href":"https:\/\/api.w.org\/{rel}","templated":true}]}}