{"id":14304,"date":"2016-01-21T10:00:28","date_gmt":"2016-01-21T13:00:28","guid":{"rendered":"http:\/\/www.yungayino.cl\/noticias\/?p=14304"},"modified":"2016-01-28T16:59:20","modified_gmt":"2016-01-28T19:59:20","slug":"semana-yungayina-vivio-su-segunda-noche-junto-a-mario-guerrero-sol-y-lluvia-e-inti-illimani","status":"publish","type":"post","link":"https:\/\/www.yungayino.cl\/noticias\/?p=14304","title":{"rendered":"Semana Yungayina Vivi\u00f3 su Segunda Noche Junto a Mario Guerrero, Sol y Lluvia e Inti Illimani"},"content":{"rendered":"<p style=\"text-align: justify;\"><strong>Yungay, 20 de Enero de 2016<\/strong>: Cerca de las 22:30 horas de este d\u00eda mi\u00e9rcoles se dio el vamos a las jornadas de show art\u00edstico ahora desde el recinto del Balneario Trilaleo en la comuna de Yungay, es la segunda jornada, recordando que la inauguraci\u00f3n se desarroll\u00f3 el pasado d\u00eda s\u00e1bado en la localidad de Campanario.<\/p>\n<p style=\"text-align: justify;\">Un video institucional que apunta a mostrar las potencialidades de nuestra comuna, como polo productivo y tur\u00edstico, m\u00e9ritos necesarios para poder postular a ser capital provincial cuando est\u00e9 creada la futura nueva regi\u00f3n de \u00d1uble, video fue el encargado de iniciar la presentaci\u00f3n frente a un p\u00fablico que de a poco fue llegando al mencionado recinto, hasta acercarse a los 6 mil asistentes.<\/p>\n<div id=\"fb-root\"><\/div>\n<p><script>\/\/ <![CDATA[\n(function(d, s, id) { var js, fjs = d.getElementsByTagName(s)[0]; if (d.getElementById(id)) return; js = d.createElement(s); js.id = id; js.src = \"\/\/connect.facebook.net\/es_LA\/sdk.js#xfbml=1&#038;version=v2.3\"; fjs.parentNode.insertBefore(js, fjs);}(document, 'script', 'facebook-jssdk'));\n\/\/ ]]><\/script><\/p>\n<div class=\"fb-post\" data-href=\"https:\/\/www.facebook.com\/media\/set\/?set=a.1216173838397653.1073742738.159561284058919&amp;type=3\" data-width=\"500\">\n<div class=\"fb-xfbml-parse-ignore\">\n<blockquote cite=\"https:\/\/www.facebook.com\/media\/set\/?set=a.1216173838397653.1073742738.159561284058919&amp;type=3\"><p>YUNGAYINO.CLSemana Yungayina Vivi\u00f3 su Segunda Noche Junto a Mario Guerrero, Sol y Lluvia e Inti Illimani&gt; M\u00c1S&#8230;<\/p>\n<p>Posted by <a href=\"https:\/\/www.facebook.com\/Yungayinocl-159561284058919\/\">Yungayino.cl<\/a> on\u00a0<a href=\"https:\/\/www.facebook.com\/media\/set\/?set=a.1216173838397653.1073742738.159561284058919&amp;type=3\">jueves, 21 de enero de 2016<\/a><\/p><\/blockquote>\n<\/div>\n<\/div>\n<p style=\"text-align: justify;\">El romanticismo de Mario Guerrero con sus mejores canciones, incluidas en el \u201cTerrenal Tour\u201d, con las que est\u00e1 recorriendo distintas comunas en esta temporada estival, \u201cMe Gustas\u201d, \u201cTodo vuelve a ti\u201d, \u201cDime que s\u00ed, dime que no\u201d\u2026 estuvieron incluidas en su repertorio que fue coreado principalmente por sus fan\u00e1ticas.<\/p>\n<div id=\"fb-root\"><\/div>\n<p><script>\/\/ <![CDATA[\n(function(d, s, id) { var js, fjs = d.getElementsByTagName(s)[0]; if (d.getElementById(id)) return; js = d.createElement(s); js.id = id; js.src = \"\/\/connect.facebook.net\/es_LA\/sdk.js#xfbml=1&#038;version=v2.3\"; fjs.parentNode.insertBefore(js, fjs);}(document, 'script', 'facebook-jssdk'));\n\/\/ ]]><\/script><\/p>\n<div class=\"fb-video\" data-allowfullscreen=\"1\" data-href=\"https:\/\/www.facebook.com\/159561284058919\/videos\/1216813281667042\/\">\n<div class=\"fb-xfbml-parse-ignore\">\n<blockquote cite=\"https:\/\/www.facebook.com\/159561284058919\/videos\/1216813281667042\/\"><p><a href=\"https:\/\/www.facebook.com\/159561284058919\/videos\/1216813281667042\/\">[VIDEO] YUNGAYINO.CL Mario Guerrero en Semana Yungayina 2016<\/a>[VIDEO] YUNGAYINO.CLMario Guerrero en Semana Yungayina 2016(extracto)<\/p>\n<p>Posted by <a href=\"https:\/\/www.facebook.com\/Yungayinocl-159561284058919\/\">Yungayino.cl<\/a> on viernes, 22 de enero de 2016<\/p><\/blockquote>\n<\/div>\n<\/div>\n<p style=\"text-align: justify;\">\u201cMedio Siglo\u201d es el nombre del tour verano 2016 que tiene copada la agenda del reconocido grupo Inti-Illimani (sol &#8211; \u00e1guila dorada), cuyas melod\u00edas han alcanzado cada rinc\u00f3n de nuestro pa\u00eds y adem\u00e1s ha tenido el reconocimiento a nivel internacional. Encabezando este importante grupo de m\u00fasicos su fundador Jorge Coulon, convers\u00f3 con nuestro medio de comunicaci\u00f3n previo a su presentaci\u00f3n en la que esperaban poder cautivar a los asistentes, lo que as\u00ed ocurri\u00f3.<\/p>\n<div id=\"fb-root\"><\/div>\n<p><script>\/\/ <![CDATA[\n(function(d, s, id) { var js, fjs = d.getElementsByTagName(s)[0]; if (d.getElementById(id)) return; js = d.createElement(s); js.id = id; js.src = \"\/\/connect.facebook.net\/es_LA\/sdk.js#xfbml=1&#038;version=v2.3\"; fjs.parentNode.insertBefore(js, fjs);}(document, 'script', 'facebook-jssdk'));\n\/\/ ]]><\/script><\/p>\n<div class=\"fb-video\" data-allowfullscreen=\"1\" data-href=\"https:\/\/www.facebook.com\/159561284058919\/videos\/1216901274991576\/\">\n<div class=\"fb-xfbml-parse-ignore\">\n<blockquote cite=\"https:\/\/www.facebook.com\/159561284058919\/videos\/1216901274991576\/\"><p><a href=\"https:\/\/www.facebook.com\/159561284058919\/videos\/1216901274991576\/\">[VIDEO] YUNGAYINO.CL Inti Illimani en Semana Yungayina 2016<\/a>[VIDEO] YUNGAYINO.CLInti Illimani en Semana Yungayina 2016(extracto)<\/p>\n<p>Posted by <a href=\"https:\/\/www.facebook.com\/Yungayinocl-159561284058919\/\">Yungayino.cl<\/a> on viernes, 22 de enero de 2016<\/p><\/blockquote>\n<\/div>\n<\/div>\n<p style=\"text-align: justify;\">Para el cierre otro de los grupos que han marcado generaciones en nuestro pa\u00eds, se trata de \u201cSol y Lluvia\u201d con m\u00e1s de 38 a\u00f1os de trayectoria se ha convertido en uno de los grupos m\u00e1s populares de la m\u00fasica chilena. Sus canciones con un contenido directo donde se refleja la paz, la represi\u00f3n y las desigualdades sociales, que a pesar del paso de los a\u00f1os en algunos aspectos se han mantenido las melod\u00edas y letras, lamentablemente, con la actual realidad nacional.<\/p>\n<div id=\"fb-root\"><\/div>\n<p><script>\/\/ <![CDATA[\n(function(d, s, id) { var js, fjs = d.getElementsByTagName(s)[0]; if (d.getElementById(id)) return; js = d.createElement(s); js.id = id; js.src = \"\/\/connect.facebook.net\/es_LA\/sdk.js#xfbml=1&#038;version=v2.3\"; fjs.parentNode.insertBefore(js, fjs);}(document, 'script', 'facebook-jssdk'));\n\/\/ ]]><\/script><\/p>\n<div class=\"fb-video\" data-allowfullscreen=\"1\" data-href=\"https:\/\/www.facebook.com\/159561284058919\/videos\/1217091054972598\/\">\n<div class=\"fb-xfbml-parse-ignore\">\n<blockquote cite=\"https:\/\/www.facebook.com\/159561284058919\/videos\/1217091054972598\/\"><p><a href=\"https:\/\/www.facebook.com\/159561284058919\/videos\/1217091054972598\/\">[VIDEO] YUNGAYINO.CL &#8211; Sol y Lluvia en Semana Yungayina 2016<\/a>[VIDEO] YUNGAYINO.CLSol y Lluvia en Semana Yungayina 2016(extracto)? Yungayino.clhttp:\/\/www.yungayino.cl\/noticias\/?p=14304<\/p>\n<p>Posted by <a href=\"https:\/\/www.facebook.com\/Yungayinocl-159561284058919\/\">Yungayino.cl<\/a> on s\u00e1bado, 23 de enero de 2016<\/p><\/blockquote>\n<\/div>\n<\/div>\n<hr \/>\n<p>[su_button url=\u00bbhttps:\/\/www.facebook.com\/media\/set\/?set=a.1216173838397653.1073742738.159561284058919&amp;type=1&amp;l=5bbe8d646d\u00bb target=\u00bbblank\u00bb size=\u00bb5&#8243; radius=\u00bbround\u00bb icon=\u00bbicon: camera-retro\u00bb]FOTOGRAF\u00cdAS &#8211; Semana Yungayina Vivi\u00f3 su Segunda Noche Junto a Mario Guerrero, Sol y Lluvia e Inti Illimani[\/su_button]<\/p>\n<hr \/>\n<p>[su_button url=\u00bbhttps:\/\/www.facebook.com\/Yungayinocl-159561284058919\/videos\u00bb target=\u00bbblank\u00bb size=\u00bb5&#8243; radius=\u00bbround\u00bb icon=\u00bbicon: camera-retro\u00bb]VIDEO &#8211; Semana Yungayina Vivi\u00f3 su Segunda Noche Junto a Mario Guerrero, Sol y Lluvia e Inti Illimani[\/su_button]<\/p>\n","protected":false},"excerpt":{"rendered":"<p>Yungay, 20 de Enero de 2016: Cerca de las 22:30 horas de este d\u00eda mi\u00e9rcoles se dio el vamos a las jornadas de show art\u00edstico ahora desde el recinto del Balneario Trilaleo en la&#46;&#46;&#46;<\/p>\n","protected":false},"author":2,"featured_media":14305,"comment_status":"open","ping_status":"open","sticky":false,"template":"","format":"standard","meta":{"footnotes":""},"categories":[3,5,1,15],"tags":[1117,1253,1252,1115,1234,1254,8,6,117],"class_list":["post-14304","post","type-post","status-publish","format-standard","has-post-thumbnail","hentry","category-actualidad","category-eventos","category-noticias","category-turismo","tag-eventos","tag-inti-illimani","tag-mario-guerrero","tag-noticias","tag-semana-yungayina-2016","tag-sol-y-lluvia","tag-yungay","tag-yungayino","tag-yungayinocl"],"_links":{"self":[{"href":"https:\/\/www.yungayino.cl\/noticias\/index.php?rest_route=\/wp\/v2\/posts\/14304","targetHints":{"allow":["GET"]}}],"collection":[{"href":"https:\/\/www.yungayino.cl\/noticias\/index.php?rest_route=\/wp\/v2\/posts"}],"about":[{"href":"https:\/\/www.yungayino.cl\/noticias\/index.php?rest_route=\/wp\/v2\/types\/post"}],"author":[{"embeddable":true,"href":"https:\/\/www.yungayino.cl\/noticias\/index.php?rest_route=\/wp\/v2\/users\/2"}],"replies":[{"embeddable":true,"href":"https:\/\/www.yungayino.cl\/noticias\/index.php?rest_route=%2Fwp%2Fv2%2Fcomments&post=14304"}],"version-history":[{"count":18,"href":"https:\/\/www.yungayino.cl\/noticias\/index.php?rest_route=\/wp\/v2\/posts\/14304\/revisions"}],"predecessor-version":[{"id":14351,"href":"https:\/\/www.yungayino.cl\/noticias\/index.php?rest_route=\/wp\/v2\/posts\/14304\/revisions\/14351"}],"wp:featuredmedia":[{"embeddable":true,"href":"https:\/\/www.yungayino.cl\/noticias\/index.php?rest_route=\/wp\/v2\/media\/14305"}],"wp:attachment":[{"href":"https:\/\/www.yungayino.cl\/noticias\/index.php?rest_route=%2Fwp%2Fv2%2Fmedia&parent=14304"}],"wp:term":[{"taxonomy":"category","embeddable":true,"href":"https:\/\/www.yungayino.cl\/noticias\/index.php?rest_route=%2Fwp%2Fv2%2Fcategories&post=14304"},{"taxonomy":"post_tag","embeddable":true,"href":"https:\/\/www.yungayino.cl\/noticias\/index.php?rest_route=%2Fwp%2Fv2%2Ftags&post=14304"}],"curies":[{"name":"wp","href":"https:\/\/api.w.org\/{rel}","templated":true}]}}