{"id":14313,"date":"2016-01-20T23:00:50","date_gmt":"2016-01-21T02:00:50","guid":{"rendered":"http:\/\/www.yungayino.cl\/noticias\/?p=14313"},"modified":"2016-01-28T16:59:25","modified_gmt":"2016-01-28T19:59:25","slug":"yungay-celebra-174-anos-de-vida-con-acto-civico-y-desfile","status":"publish","type":"post","link":"https:\/\/www.yungayino.cl\/noticias\/?p=14313","title":{"rendered":"Yungay Celebra 174 A\u00f1os de Vida con Acto C\u00edvico y Desfile"},"content":{"rendered":"<p style=\"text-align: justify;\">Yungay, mi\u00e9rcoles 20 de enero 2016: En el Frontis del Municipio como de costumbre fue el escenario escogido para realizar el acto c\u00edvico y desfile de conmemoraci\u00f3n de un nuevo aniversario de Yungay, que en esta oportunidad celebr\u00f3 174 a\u00f1os desde su fundaci\u00f3n.<\/p>\n<p style=\"text-align: justify;\"><strong>Tedeum<\/strong>:<\/p>\n<p style=\"text-align: justify;\">La jornada se inici\u00f3 cerca de las 10:30 horas de la ma\u00f1ana con la Misa de Acci\u00f3n de gracias en la Parroquia San Miguel, como es tradicional el Tedeum, donde se hicieron presentes el alcalde Pedro Inostroza, representantes del Honorable Consejo Municipal, autoridades y la comunidad en general.<\/p>\n<p style=\"text-align: justify;\">La misa de Eucarist\u00eda fue presidida por el Sacerdote Nelson Jara, qui\u00e9n hizo un llamado a las autoridades a seguir trabajando unidos por el bien de la comuna, adem\u00e1s agradeci\u00f3 a las autoridades el haber colocado dentro del programa de aniversario la misa para poder dar gracias a Dios por estos 174 a\u00f1os de vida que cumple Yungay.<\/p>\n<p style=\"text-align: justify;\">Tambi\u00e9n destac\u00f3 el crecimiento que ha tenido la comuna en lo material e infraestructura, pero hizo un llamado a las autoridades a tener cuidado para que el pueblo crezca tambi\u00e9n de manera espiritual y preocuparse por las personas y formar yungayinos integrales que puedan desarrollarse de manera feliz en el futuro.<\/p>\n<div id=\"fb-root\"><\/div>\n<p><script>\/\/ <![CDATA[\n(function(d, s, id) {  var js, fjs = d.getElementsByTagName(s)[0];  if (d.getElementById(id)) return;  js = d.createElement(s); js.id = id;  js.src = \"\/\/connect.facebook.net\/es_LA\/sdk.js#xfbml=1&#038;version=v2.3\";  fjs.parentNode.insertBefore(js, fjs);}(document, 'script', 'facebook-jssdk'));\n\/\/ ]]><\/script><\/p>\n<div class=\"fb-post\" data-href=\"https:\/\/www.facebook.com\/media\/set\/?set=a.1216366658378371.1073742739.159561284058919&amp;type=3\" data-width=\"500\">\n<div class=\"fb-xfbml-parse-ignore\">\n<blockquote cite=\"https:\/\/www.facebook.com\/media\/set\/?set=a.1216366658378371.1073742739.159561284058919&amp;type=3\"><p>YUNGAYINO.CLYungay Celebra 174 A\u00f1os de Vida con Acto C\u00edvico y Desfile &gt; M\u00c1S INFORMACI\u00d3N&#8230;<\/p>\n<p>Posted by <a href=\"https:\/\/www.facebook.com\/Yungayinocl-159561284058919\/\">Yungayino.cl<\/a> on\u00a0<a href=\"https:\/\/www.facebook.com\/media\/set\/?set=a.1216366658378371.1073742739.159561284058919&amp;type=3\">jueves, 21 de enero de 2016<\/a><\/p><\/blockquote>\n<\/div>\n<\/div>\n<p style=\"text-align: justify;\"><strong>Acto y Desfile:<\/strong><\/p>\n<p style=\"text-align: justify;\">Finalizado el Tedeum las autoridades pol\u00edticas, organizaciones sociales y p\u00fablico en general se trasladaron a la Plaza Iquique a dejar una ofrenda floral al fundador de Yungay el General Fernando Baquedano.<\/p>\n<p style=\"text-align: justify;\">Posteriormente se dio inicio al acto c\u00edvico con nuestro Himno Nacional mientras el Pabell\u00f3n Patrio era izado en su m\u00e1stil de honor por funcionarios del Departamento de Educaci\u00f3n.<\/p>\n<p style=\"text-align: justify;\">\n<div id=\"fb-root\"><\/div>\n<p><script>(function(d, s, id) {  var js, fjs = d.getElementsByTagName(s)[0];  if (d.getElementById(id)) return;  js = d.createElement(s); js.id = id;  js.src = \"\/\/connect.facebook.net\/es_LA\/sdk.js#xfbml=1&version=v2.3\";  fjs.parentNode.insertBefore(js, fjs);}(document, 'script', 'facebook-jssdk'));<\/script><\/p>\n<div class=\"fb-video\" data-allowfullscreen=\"1\" data-href=\"\/159561284058919\/videos\/vb.159561284058919\/1216393191709051\/?type=3\">\n<div class=\"fb-xfbml-parse-ignore\">\n<blockquote cite=\"https:\/\/www.facebook.com\/159561284058919\/videos\/1216393191709051\/\"><p><a href=\"https:\/\/www.facebook.com\/159561284058919\/videos\/1216393191709051\/\">YUNGAYINO.CL &#8211; Yungay Celebra 174 A\u00f1os de Vida<\/a><\/p>\n<p>[VIDEO]YUNGAYINO.CLAniversario N\u00b0 174 comuna de YungayActo c\u00edvico y desfile? Yungayino.clhttp:\/\/www.yungayino.cl\/noticias\/?p=14313<\/p>\n<p>Posted by <a href=\"https:\/\/www.facebook.com\/Yungayinocl-159561284058919\/\">Yungayino.cl<\/a> on jueves, 21 de enero de 2016<\/p><\/blockquote>\n<\/div>\n<\/div>\n<p style=\"text-align: justify;\">Durante el acto se realizaron entrega de reconocimientos a integrantes de la Banda de Guerra de Yungay, as\u00ed como tambi\u00e9n el Club Rotario de Yungay hizo entrega de manos de su presidente el Sr. Gabriel Quintrileo, galvanos de reconocimiento a Directivos del Colegio Divina Pastora por su aporte a la Educaci\u00f3n de Yungay y tambi\u00e9n a la Sra. Rosa Sep\u00falveda, Administradora del Hogar Nuestra Se\u00f1ora de la Merced.<\/p>\n<p style=\"text-align: justify;\">La Presidenta de la Uni\u00f3n Comunal de Junta de Vecinos Sra. Ang\u00e9lica Mart\u00ednez, hizo entrega de un reconocimiento al Mayor de Carabineros Darwin Illanes por su apoyo a la comunidad, y que en los pr\u00f3ximos d\u00edas dejar\u00e1 nuestra comuna ya que ser\u00e1 trasladado a cumplir nuevas funciones a la comuna de Quill\u00f3n.<\/p>\n<p style=\"text-align: justify;\">Por su parte el alcalde Pedro Inostroza Valenzuela se dirigi\u00f3 a los presentes dando un mensaje a seguir trabajando en unidad por el crecimiento y desarrollo de nuestra comuna y tambi\u00e9n hizo un llamado para trabajar en el apoyo para que Yungay sea Capital de la Provincia de Diguill\u00edn de la futura Regi\u00f3n de \u00d1uble.<\/p>\n<p style=\"text-align: justify;\">Posteriormente, se llev\u00f3 a cabo el desfile donde participaron las organizaciones vivas de la comuna, lo que dio a\u00fan m\u00e1s realce y emotividad a la jornada.<\/p>\n<p style=\"text-align: justify;\">Una vez terminada el desfile c\u00edvico, el alcalde Pedro Inostroza Valenzuela, agradeci\u00f3 a todas las delegaciones que le dieron vida a este nuevo aniversario, as\u00ed como a los funcionarios que representaron de manera muy solemne al municipio y reiter\u00f3 su invitaci\u00f3n a toda la comunidad a participar de las diferentes actividades de la \u201cSemana Yungayina 2016.\u201d<\/p>\n<p style=\"text-align: justify;\">Finalmente destacar que al Acto y Desfile se hicieron presentes autoridades locales, provinciales, regionales, adem\u00e1s de vecinos y turistas que esta fecha visitan Yungay.<\/p>\n<p style=\"text-align: justify;\">[su_button url=\u00bbhttps:\/\/www.facebook.com\/media\/set\/?set=a.1216366658378371.1073742739.159561284058919&amp;type=1&amp;l=f97a1bbf02&#8243; target=\u00bbblank\u00bb size=\u00bb7&#8243; radius=\u00bbround\u00bb icon=\u00bbicon: camera-retro\u00bb]FOTOGRAF\u00cdAS &#8211; Yungay Celebra 174 A\u00f1os de Vida con Acto C\u00edvico y Desfile[\/su_button]<\/p>\n","protected":false},"excerpt":{"rendered":"<p>Yungay, mi\u00e9rcoles 20 de enero 2016: En el Frontis del Municipio como de costumbre fue el escenario escogido para realizar el acto c\u00edvico y desfile de conmemoraci\u00f3n de un nuevo aniversario de Yungay, que&#46;&#46;&#46;<\/p>\n","protected":false},"author":2,"featured_media":14314,"comment_status":"open","ping_status":"open","sticky":false,"template":"","format":"standard","meta":{"footnotes":""},"categories":[3,5,14,1],"tags":[1248,1028,1115,1234,8,6,117],"class_list":["post-14313","post","type-post","status-publish","format-standard","has-post-thumbnail","hentry","category-actualidad","category-eventos","category-historia","category-noticias","tag-174-anos","tag-acto-y-desfile-20-enero","tag-noticias","tag-semana-yungayina-2016","tag-yungay","tag-yungayino","tag-yungayinocl"],"_links":{"self":[{"href":"https:\/\/www.yungayino.cl\/noticias\/index.php?rest_route=\/wp\/v2\/posts\/14313","targetHints":{"allow":["GET"]}}],"collection":[{"href":"https:\/\/www.yungayino.cl\/noticias\/index.php?rest_route=\/wp\/v2\/posts"}],"about":[{"href":"https:\/\/www.yungayino.cl\/noticias\/index.php?rest_route=\/wp\/v2\/types\/post"}],"author":[{"embeddable":true,"href":"https:\/\/www.yungayino.cl\/noticias\/index.php?rest_route=\/wp\/v2\/users\/2"}],"replies":[{"embeddable":true,"href":"https:\/\/www.yungayino.cl\/noticias\/index.php?rest_route=%2Fwp%2Fv2%2Fcomments&post=14313"}],"version-history":[{"count":4,"href":"https:\/\/www.yungayino.cl\/noticias\/index.php?rest_route=\/wp\/v2\/posts\/14313\/revisions"}],"predecessor-version":[{"id":14318,"href":"https:\/\/www.yungayino.cl\/noticias\/index.php?rest_route=\/wp\/v2\/posts\/14313\/revisions\/14318"}],"wp:featuredmedia":[{"embeddable":true,"href":"https:\/\/www.yungayino.cl\/noticias\/index.php?rest_route=\/wp\/v2\/media\/14314"}],"wp:attachment":[{"href":"https:\/\/www.yungayino.cl\/noticias\/index.php?rest_route=%2Fwp%2Fv2%2Fmedia&parent=14313"}],"wp:term":[{"taxonomy":"category","embeddable":true,"href":"https:\/\/www.yungayino.cl\/noticias\/index.php?rest_route=%2Fwp%2Fv2%2Fcategories&post=14313"},{"taxonomy":"post_tag","embeddable":true,"href":"https:\/\/www.yungayino.cl\/noticias\/index.php?rest_route=%2Fwp%2Fv2%2Ftags&post=14313"}],"curies":[{"name":"wp","href":"https:\/\/api.w.org\/{rel}","templated":true}]}}