{"id":14321,"date":"2016-01-22T13:29:32","date_gmt":"2016-01-22T16:29:32","guid":{"rendered":"http:\/\/www.yungayino.cl\/noticias\/?p=14321"},"modified":"2016-01-28T16:59:08","modified_gmt":"2016-01-28T19:59:08","slug":"las-rancheras-y-el-humor-presentes-en-la-tercera-noche-de-la-semana-yungayina-2016","status":"publish","type":"post","link":"https:\/\/www.yungayino.cl\/noticias\/?p=14321","title":{"rendered":"Las rancheras y el humor presentes en la tercera noche de la Semana Yungayina 2016"},"content":{"rendered":"<p style=\"text-align: justify;\"><strong>Yungay, 21 de Enero de 2016<\/strong>; Los que gustan de pasarlo bien junto a las rancheras y el humor pudieron disfrutar de una noche llena de este ritmo a trav\u00e9s de Carolina Molina, m\u00e1s conocida como \u201cLa Rancherita\u201d y las inconfundibles voces de Los Charros de Luchito y Rafael, sin dejar de lado el humor a cargo de Ernesto Belloni, \u201cChe Copete\u201d.<\/p>\n<p style=\"text-align: justify;\">Jornada, hasta ahora, con mayor presencia de p\u00fablico en esta ya tercera noche de la Semana Yungayina 2016.<\/p>\n<div id=\"fb-root\"><\/div>\n<p><script>\/\/ <![CDATA[\n(function(d, s, id) { var js, fjs = d.getElementsByTagName(s)[0]; if (d.getElementById(id)) return; js = d.createElement(s); js.id = id; js.src = \"\/\/connect.facebook.net\/es_LA\/sdk.js#xfbml=1&#038;version=v2.3\"; fjs.parentNode.insertBefore(js, fjs);}(document, 'script', 'facebook-jssdk'));\n\/\/ ]]><\/script><\/p>\n<div class=\"fb-post\" data-href=\"https:\/\/www.facebook.com\/media\/set\/?set=a.1216719445009759.1073742740.159561284058919&amp;type=3\" data-width=\"500\">\n<div class=\"fb-xfbml-parse-ignore\">\n<blockquote cite=\"https:\/\/www.facebook.com\/media\/set\/?set=a.1216719445009759.1073742740.159561284058919&amp;type=3\"><p>YUNGAYINO.CLLas rancheras y el humor presentes en la tercera noche de la Semana Yungayina 2016&gt; M\u00c1S INFORMACI\u00d3N&#8230;<\/p>\n<p>Posted by <a href=\"https:\/\/www.facebook.com\/Yungayinocl-159561284058919\/\">Yungayino.cl<\/a> on\u00a0<a href=\"https:\/\/www.facebook.com\/media\/set\/?set=a.1216719445009759.1073742740.159561284058919&amp;type=3\">viernes, 22 de enero de 2016<\/a><\/p><\/blockquote>\n<\/div>\n<\/div>\n<p style=\"text-align: justify;\">Quien fue la encargada de comenzar esta jornada fue \u201cLa Rancherita\u201d, cantante chilena radicada en M\u00e9xico quien logr\u00f3 popularidad en el programa chileno buscatalentos Rojo Fama Contrafama, adem\u00e1s de participaciones en otros espacios juveniles, y quien aprovecha la temporada estival para retornar al pa\u00eds y poder tener contacto con sus fans en la realizaci\u00f3n de diversas presentaciones.<\/p>\n<div id=\"fb-root\"><\/div>\n<p><script>\/\/ <![CDATA[\n(function(d, s, id) { var js, fjs = d.getElementsByTagName(s)[0]; if (d.getElementById(id)) return; js = d.createElement(s); js.id = id; js.src = \"\/\/connect.facebook.net\/es_LA\/sdk.js#xfbml=1&#038;version=v2.3\"; fjs.parentNode.insertBefore(js, fjs);}(document, 'script', 'facebook-jssdk'));\n\/\/ ]]><\/script><\/p>\n<div class=\"fb-video\" data-allowfullscreen=\"1\" data-href=\"https:\/\/www.facebook.com\/159561284058919\/videos\/1216959458319091\/\">\n<div class=\"fb-xfbml-parse-ignore\">\n<blockquote cite=\"https:\/\/www.facebook.com\/159561284058919\/videos\/1216959458319091\/\"><p><a href=\"https:\/\/www.facebook.com\/159561284058919\/videos\/1216959458319091\/\">[VIDEO] YUNGAYINO.CL &#8211; La Rancherita en Semana Yungayina 2016<\/a>[VIDEO] YUNGAYINO.CLLa Rancherita en Semana Yungayina 2016M\u00c1S INFORMACI\u00d3N EN:http:\/\/www.yungayino.cl\/noticias\/?p=14321<\/p>\n<p>Posted by <a href=\"https:\/\/www.facebook.com\/Yungayinocl-159561284058919\/\">Yungayino.cl<\/a> on viernes, 22 de enero de 2016<\/p><\/blockquote>\n<\/div>\n<\/div>\n<p style=\"text-align: justify;\">Trabajo que en el pa\u00eds del norte ha tenido frutos siendo reconocida y nominada a varios premios.<\/p>\n<p style=\"text-align: justify;\">Con varios cambios de vestuario y una puesta en escena que incluye m\u00fasicos y ballet, logr\u00f3 cautivar a los asistentes por cerca de una hora de espect\u00e1culo.<\/p>\n<p style=\"text-align: justify;\">\n<div id=\"fb-root\"><\/div>\n<p><script>(function(d, s, id) {  var js, fjs = d.getElementsByTagName(s)[0];  if (d.getElementById(id)) return;  js = d.createElement(s); js.id = id;  js.src = \"\/\/connect.facebook.net\/es_LA\/sdk.js#xfbml=1&version=v2.3\";  fjs.parentNode.insertBefore(js, fjs);}(document, 'script', 'facebook-jssdk'));<\/script><\/p>\n<div class=\"fb-video\" data-allowfullscreen=\"1\" data-href=\"\/159561284058919\/videos\/vl.1692731634342844\/1217091488305888\/?type=3\">\n<div class=\"fb-xfbml-parse-ignore\">\n<blockquote cite=\"https:\/\/www.facebook.com\/159561284058919\/videos\/1217091488305888\/\"><p><a href=\"https:\/\/www.facebook.com\/159561284058919\/videos\/1217091488305888\/\">[VIDEO] YUNGAYINO.CL &#8211; Che Copete en Semana Yungayina 2016<\/a><\/p>\n<p>[VIDEO] YUNGAYINO.CLChe Copete en Semana Yungayina 2016(extracto)? Yungayino.clhttp:\/\/www.yungayino.cl\/noticias\/?p=14321<\/p>\n<p>Posted by <a href=\"https:\/\/www.facebook.com\/Yungayinocl-159561284058919\/\">Yungayino.cl<\/a> on s\u00e1bado, 23 de enero de 2016<\/p><\/blockquote>\n<\/div>\n<\/div>\n<p style=\"text-align: justify;\">El comediante y humorista nacional \u201cChe Copete\u201d fue el encargado de hacer re\u00edr al p\u00fablico que, con un lenguaje directo y sin censura, tal como se le conoce\u2026 realiz\u00f3 una rutina que fue apoyada por \u201cel poeta\u201d, que no dej\u00f3 de lado la m\u00fasica y la presencia femenina.<\/p>\n<p style=\"text-align: justify;\">\n<div id=\"fb-root\"><\/div>\n<p><script>(function(d, s, id) {  var js, fjs = d.getElementsByTagName(s)[0];  if (d.getElementById(id)) return;  js = d.createElement(s); js.id = id;  js.src = \"\/\/connect.facebook.net\/es_LA\/sdk.js#xfbml=1&version=v2.3\";  fjs.parentNode.insertBefore(js, fjs);}(document, 'script', 'facebook-jssdk'));<\/script><\/p>\n<div class=\"fb-video\" data-allowfullscreen=\"1\" data-href=\"\/159561284058919\/videos\/vl.1692731634342844\/1217097888305248\/?type=3\">\n<div class=\"fb-xfbml-parse-ignore\">\n<blockquote cite=\"https:\/\/www.facebook.com\/159561284058919\/videos\/1217097888305248\/\"><p><a href=\"https:\/\/www.facebook.com\/159561284058919\/videos\/1217097888305248\/\">[VIDEO] YUNGAYINO.CL &#8211; Los Charros de Luchito y Rafael en Sema&#8230;<\/a><\/p>\n<p>[VIDEO] YUNGAYINO.CLLos Charros de Luchito y Rafael en Semana Yungayina 2016(extracto)? Yungayino.clhttp:\/\/www.yungayino.cl\/noticias\/?p=14321<\/p>\n<p>Posted by <a href=\"https:\/\/www.facebook.com\/Yungayinocl-159561284058919\/\">Yungayino.cl<\/a> on s\u00e1bado, 23 de enero de 2016<\/p><\/blockquote>\n<\/div>\n<\/div>\n<p style=\"text-align: justify;\">La cumbia ranchera son\u00f3 fuerte en el escenario ubicado a un costado del Balneario Trilaleo, y con ello las populares canciones de Los Charros de Luchito y Rafael, encargados del cierre de esta tercera jornada de celebraci\u00f3n.<\/p>\n<p style=\"text-align: justify;\">\u00abSimp\u00e1tica y muy Bonita\u00bb, \u00abComo dejar de Amarte\u00bb, \u00abLa Cosas de mi Querer\u00bb, \u00abTraicionera\u00bb, \u00abAndo de Borrachera\u00bb, \u00abMi Negrita se March\u00f3\u00bb, \u00abEntre Golpes y Besos\u00bb\u2026 hicieron bailar a los asistentes en este evento organizado por la Municipalidad de Yungay.<\/p>\n<p style=\"text-align: justify;\">Finalmente destacar que el montaje y producci\u00f3n es de primer nivel, amplificaci\u00f3n, escenograf\u00eda e iluminaci\u00f3n han destacado, junto con ello tres pantallas led, con una central de 12m x 5m de extensi\u00f3n y dos laterales de 3&#215;4 que hacen que todos puedan disfrutar del espect\u00e1culo desde cualquier punto del recinto.<\/p>\n<p style=\"text-align: justify;\">RELACIONADOS<\/p>\n<p>[su_button url=\u00bbhttps:\/\/www.facebook.com\/media\/set\/?set=a.1216719445009759.1073742740.159561284058919&amp;type=1&amp;l=b474d48953&#8243; target=\u00bbblank\u00bb size=\u00bb7&#8243; radius=\u00bbround\u00bb icon=\u00bbicon: camera-retro\u00bb] FOTOGRAF\u00cdAS \u2013 Semana Yungayina 2016; La Rancherita, Che Copete y Los Charros de Luchito y Rafael [\/su_button]<\/p>\n<hr \/>\n<p>[su_button url=\u00bbhttps:\/\/www.facebook.com\/Yungayinocl-159561284058919\/videos\u00bb target=\u00bbblank\u00bb size=\u00bb7&#8243; radius=\u00bbround\u00bb icon=\u00bbicon: camera-retro\u00bb]VIDEO \u2013 Semana Yungayina 2016; La Rancherita, Che Copete y Los Charros de Luchito y Rafael[\/su_button]<\/p>\n","protected":false},"excerpt":{"rendered":"<p>Yungay, 21 de Enero de 2016; Los que gustan de pasarlo bien junto a las rancheras y el humor pudieron disfrutar de una noche llena de este ritmo a trav\u00e9s de Carolina Molina, m\u00e1s&#46;&#46;&#46;<\/p>\n","protected":false},"author":1,"featured_media":14322,"comment_status":"open","ping_status":"open","sticky":false,"template":"","format":"standard","meta":{"footnotes":""},"categories":[5,1,15],"tags":[1250,1249,1251,1234,8,117],"class_list":["post-14321","post","type-post","status-publish","format-standard","has-post-thumbnail","hentry","category-eventos","category-noticias","category-turismo","tag-che-copete","tag-la-rancherita","tag-los-charros-de-luchito-y-rafael","tag-semana-yungayina-2016","tag-yungay","tag-yungayinocl"],"_links":{"self":[{"href":"https:\/\/www.yungayino.cl\/noticias\/index.php?rest_route=\/wp\/v2\/posts\/14321","targetHints":{"allow":["GET"]}}],"collection":[{"href":"https:\/\/www.yungayino.cl\/noticias\/index.php?rest_route=\/wp\/v2\/posts"}],"about":[{"href":"https:\/\/www.yungayino.cl\/noticias\/index.php?rest_route=\/wp\/v2\/types\/post"}],"author":[{"embeddable":true,"href":"https:\/\/www.yungayino.cl\/noticias\/index.php?rest_route=\/wp\/v2\/users\/1"}],"replies":[{"embeddable":true,"href":"https:\/\/www.yungayino.cl\/noticias\/index.php?rest_route=%2Fwp%2Fv2%2Fcomments&post=14321"}],"version-history":[{"count":15,"href":"https:\/\/www.yungayino.cl\/noticias\/index.php?rest_route=\/wp\/v2\/posts\/14321\/revisions"}],"predecessor-version":[{"id":14354,"href":"https:\/\/www.yungayino.cl\/noticias\/index.php?rest_route=\/wp\/v2\/posts\/14321\/revisions\/14354"}],"wp:featuredmedia":[{"embeddable":true,"href":"https:\/\/www.yungayino.cl\/noticias\/index.php?rest_route=\/wp\/v2\/media\/14322"}],"wp:attachment":[{"href":"https:\/\/www.yungayino.cl\/noticias\/index.php?rest_route=%2Fwp%2Fv2%2Fmedia&parent=14321"}],"wp:term":[{"taxonomy":"category","embeddable":true,"href":"https:\/\/www.yungayino.cl\/noticias\/index.php?rest_route=%2Fwp%2Fv2%2Fcategories&post=14321"},{"taxonomy":"post_tag","embeddable":true,"href":"https:\/\/www.yungayino.cl\/noticias\/index.php?rest_route=%2Fwp%2Fv2%2Ftags&post=14321"}],"curies":[{"name":"wp","href":"https:\/\/api.w.org\/{rel}","templated":true}]}}