{"id":14347,"date":"2016-01-22T23:00:33","date_gmt":"2016-01-23T02:00:33","guid":{"rendered":"http:\/\/www.yungayino.cl\/noticias\/?p=14347"},"modified":"2016-01-28T16:59:02","modified_gmt":"2016-01-28T19:59:02","slug":"david-bonhomme-el-hip-hop-de-tiro-de-gracia-y-los-exitos-de-la-artista-mas-popular-francisca-valenzuela","status":"publish","type":"post","link":"https:\/\/www.yungayino.cl\/noticias\/?p=14347","title":{"rendered":"David Bonhomme, el hip hop de Tiro de Gracia y los \u00e9xitos de la artista m\u00e1s popular Francisca Valenzuela"},"content":{"rendered":"<p style=\"text-align: justify;\">Yungay, 22 de Enero de 2016; La cuarta jornada de la Semana Yungayina tuvo invitados a David Bonhomme + Banda, Tiro de Gracia y Francisca Valenzuela.<br \/>\nLa jornada se inici\u00f3 con el talento local de David Bonhomme + Banda, quienes interpretaron canciones de su autor\u00eda y unos cover de reconocidos grupos. Presentaci\u00f3n en su tierra la que tuvo una buena aceptaci\u00f3n de los asistentes.<\/p>\n<div id=\"fb-root\"><\/div>\n<p><script>\/\/ <![CDATA[\n(function(d, s, id) { var js, fjs = d.getElementsByTagName(s)[0]; if (d.getElementById(id)) return; js = d.createElement(s); js.id = id; js.src = \"\/\/connect.facebook.net\/es_LA\/sdk.js#xfbml=1&#038;version=v2.3\"; fjs.parentNode.insertBefore(js, fjs);}(document, 'script', 'facebook-jssdk'));\n\/\/ ]]><\/script><\/p>\n<div class=\"fb-post\" data-href=\"https:\/\/www.facebook.com\/media\/set\/?set=a.1217386474943056.1073742741.159561284058919&amp;type=3\" data-width=\"500\">\n<div class=\"fb-xfbml-parse-ignore\">\n<blockquote cite=\"https:\/\/www.facebook.com\/media\/set\/?set=a.1217386474943056.1073742741.159561284058919&amp;type=3\"><p>YUNGAYINO.CLDavid Bonhomme, el hip hop de Tiro de Gracia y los \u00e9xitos de la artista m\u00e1s popular Francisca Valenzuela&gt; MAS INFORMACI\u00d3N EN:&gt; FOTOGRAF\u00cdAS:<\/p>\n<p>Posted by <a href=\"https:\/\/www.facebook.com\/Yungayinocl-159561284058919\/\">Yungayino.cl<\/a> on\u00a0<a href=\"https:\/\/www.facebook.com\/media\/set\/?set=a.1217386474943056.1073742741.159561284058919&amp;type=3\">s\u00e1bado, 23 de enero de 2016<\/a><\/p><\/blockquote>\n<\/div>\n<\/div>\n<p style=\"text-align: justify;\">David se mostr\u00f3 muy contento de poder mostrar sus canciones en un evento como este, con un gran despliegue de producci\u00f3n, que no tiene nada que envidiar a los que se realizan por esta zona.<\/p>\n<p style=\"text-align: justify;\">[Video David Bonhomme]<\/p>\n<div id=\"fb-root\"><\/div>\n<p><script>\/\/ <![CDATA[\n(function(d, s, id) { var js, fjs = d.getElementsByTagName(s)[0]; if (d.getElementById(id)) return; js = d.createElement(s); js.id = id; js.src = \"\/\/connect.facebook.net\/es_LA\/sdk.js#xfbml=1&#038;version=v2.3\"; fjs.parentNode.insertBefore(js, fjs);}(document, 'script', 'facebook-jssdk'));\n\/\/ ]]><\/script><\/p>\n<div class=\"fb-video\" data-allowfullscreen=\"1\" data-href=\"https:\/\/www.facebook.com\/159561284058919\/videos\/1217513984930305\/\">\n<div class=\"fb-xfbml-parse-ignore\">\n<blockquote cite=\"https:\/\/www.facebook.com\/159561284058919\/videos\/1217513984930305\/\"><p><a href=\"https:\/\/www.facebook.com\/159561284058919\/videos\/1217513984930305\/\">[VIDEO] YUNGAYINO.CL &#8211; David Bonhomme + Banda en Semana Yungay&#8230;<\/a>[VIDEO] YUNGAYINO.CLDavid Bonhomme + Banda en Semana Yungayina 2016(extracto)? Yungayino.clhttp:\/\/www.yungayino.cl\/noticias\/?p=14347<\/p>\n<p>Posted by <a href=\"https:\/\/www.facebook.com\/Yungayinocl-159561284058919\/\">Yungayino.cl<\/a> on domingo, 24 de enero de 2016<\/p><\/blockquote>\n<\/div>\n<\/div>\n<p style=\"text-align: justify;\">El d\u00fao de hip-hop chileno Tiro de Gracia subi\u00f3 a escena pasadas las 23:40 horas, cuyos or\u00edgenes se remontan al a\u00f1o 1993, fueron Juan Sativo y Lenwa Dura, quienes entregaron cerca de una hora de canciones desde su primera producci\u00f3n de estudio, \u201cSer Humano\u201d, en los que se encuentra populares temas como \u201cEl Juego Verdadero\u201d, show que finaliz\u00f3 con la solicitud de bis del p\u00fablico, que lamentablemente no se produjo.<\/p>\n<p style=\"text-align: justify;\">[Video Tiro de Gracia]<\/p>\n<div id=\"fb-root\"><\/div>\n<p><script>\/\/ <![CDATA[\n(function(d, s, id) { var js, fjs = d.getElementsByTagName(s)[0]; if (d.getElementById(id)) return; js = d.createElement(s); js.id = id; js.src = \"\/\/connect.facebook.net\/es_LA\/sdk.js#xfbml=1&#038;version=v2.3\"; fjs.parentNode.insertBefore(js, fjs);}(document, 'script', 'facebook-jssdk'));\n\/\/ ]]><\/script><\/p>\n<div class=\"fb-video\" data-allowfullscreen=\"1\" data-href=\"https:\/\/www.facebook.com\/159561284058919\/videos\/1217514181596952\/\">\n<div class=\"fb-xfbml-parse-ignore\">\n<blockquote cite=\"https:\/\/www.facebook.com\/159561284058919\/videos\/1217514181596952\/\"><p><a href=\"https:\/\/www.facebook.com\/159561284058919\/videos\/1217514181596952\/\">[VIDEO] YUNGAYINO.CL &#8211; Tiro de Gracia en Semana Yungayina 2016<\/a>[VIDEO] YUNGAYINO.CLTiro de Gracia en Semana Yungayina 2016(extracto)? Yungayino.clhttp:\/\/www.yungayino.cl\/noticias\/?p=14347<\/p>\n<p>Posted by <a href=\"https:\/\/www.facebook.com\/Yungayinocl-159561284058919\/\">Yungayino.cl<\/a> on domingo, 24 de enero de 2016<\/p><\/blockquote>\n<\/div>\n<\/div>\n<p style=\"text-align: justify;\">Una de las presentaciones m\u00e1s esperadas de la noche, era la de Francisca Valenzuela, fan\u00e1ticos y fan\u00e1ticas de distintos puntos de la regi\u00f3n y el pa\u00eds se dieron cita en la explanada del Balneario Trilaleo, principalmente j\u00f3venes que corearon todas sus canciones.<\/p>\n<p style=\"text-align: justify;\">La cantautora e instrumentista chilena de pop-rock, ha sido nominada y en algunos casos premiada en distintos c\u00edrculos musicales, premios Apes, Pulsar, Grammy Latinos, entre otros. Su trabajo desde su sencillo debut \u201cPeces\u201d hasta hoy en d\u00eda ha acaparado y sumado elogios.<\/p>\n<p style=\"text-align: justify;\">[Video Francisca Valenzuela]<\/p>\n<div id=\"fb-root\"><\/div>\n<p><script>\/\/ <![CDATA[\n(function(d, s, id) { var js, fjs = d.getElementsByTagName(s)[0]; if (d.getElementById(id)) return; js = d.createElement(s); js.id = id; js.src = \"\/\/connect.facebook.net\/es_LA\/sdk.js#xfbml=1&#038;version=v2.3\"; fjs.parentNode.insertBefore(js, fjs);}(document, 'script', 'facebook-jssdk'));\n\/\/ ]]><\/script><\/p>\n<div class=\"fb-video\" data-allowfullscreen=\"1\" data-href=\"https:\/\/www.facebook.com\/159561284058919\/videos\/1217514238263613\/\">\n<div class=\"fb-xfbml-parse-ignore\">\n<blockquote cite=\"https:\/\/www.facebook.com\/159561284058919\/videos\/1217514238263613\/\"><p><a href=\"https:\/\/www.facebook.com\/159561284058919\/videos\/1217514238263613\/\">[VIDEO] YUNGAYINO.CL &#8211; Francisca Valenzuela en Semana Yungayin&#8230;<\/a>[VIDEO] YUNGAYINO.CLFrancisca Valenzuela en Semana Yungayina 2016(extracto)? Yungayino.clhttp:\/\/www.yungayino.cl\/noticias\/?p=14347.<\/p>\n<p>Posted by <a href=\"https:\/\/www.facebook.com\/Yungayinocl-159561284058919\/\">Yungayino.cl<\/a> on domingo, 24 de enero de 2016<\/p><\/blockquote>\n<\/div>\n<\/div>\n<p style=\"text-align: justify;\">\u201cBuen Soldado\u201d fue el sencillo con el que finalizaba su presentaci\u00f3n, pero el p\u00fablico quer\u00eda continuar escuchando su m\u00fasica y logr\u00f3 el retorno de la artista, quien entreg\u00f3 un par de canciones m\u00e1s.<\/p>\n<p style=\"text-align: justify;\">Previo a esta \u00faltima parte, se realiz\u00f3 un alto para poder reconocer a trav\u00e9s de las votaciones realizadas en Portal Yungayino.cl que buscaba elegir a la artista m\u00e1s popular de esta Semana Yungayina, y fue precisamente Francisca Valenzuela quien logr\u00f3 imponerse con el 28% de las preferencias.<\/p>\n<p style=\"text-align: justify;\">Votaciones cerradas a las 00:00 horas del d\u00eda 20 de enero, que tuvo una re\u00f1ida pelea, voto a voto, con la \u201cLa Rancherita\u201d que obtuvo el 26% de la votaci\u00f3n, en tercer lugar qued\u00f3 Tiro de Gracia con un 12%, Sol y Lluvia con 7% quienes destacaron en los primeros lugares.<\/p>\n<p style=\"text-align: justify;\">Pasadas las dos de la madrugada finaliz\u00f3 una noche m\u00e1s de la Semana Yungayina 2016, evento organizado por la Municipalidad de Yungay y que tiene a Mathieu Producciones como empresa encargada de la puesta en escena con una gran calidad de sonido y montaje audiovisual.<\/p>\n<p style=\"text-align: justify;\">[su_button url=\u00bbhttps:\/\/www.facebook.com\/media\/set\/?set=a.1217386474943056.1073742741.159561284058919&amp;type=1&amp;l=e1a76c13a0&#8243; target=\u00bbblank\u00bb size=\u00bb5&#8243; radius=\u00bbround\u00bb icon=\u00bbicon: camera-retro\u00bb]FOTOGRAF\u00cdAS \u2013 David Bonhomme, el hip hop de Tiro de Gracia y los \u00e9xitos de la artista m\u00e1s popular Francisca Valenzuela[\/su_button]<\/p>\n<hr \/>\n<p style=\"text-align: justify;\">[su_button url=\u00bbhttps:\/\/www.facebook.com\/Yungayinocl-159561284058919\/videos\u00bb target=\u00bbblank\u00bb size=\u00bb5&#8243; radius=\u00bbround\u00bb icon=\u00bbicon: facebook-square\u00bb]VIDEOS &#8211; David Bonhomme, el hip hop de Tiro de Gracia y los \u00e9xitos de la artista m\u00e1s popular Francisca Valenzuela[\/su_button]<\/p>\n","protected":false},"excerpt":{"rendered":"<p>Yungay, 22 de Enero de 2016; La cuarta jornada de la Semana Yungayina tuvo invitados a David Bonhomme + Banda, Tiro de Gracia y Francisca Valenzuela. La jornada se inici\u00f3 con el talento local&#46;&#46;&#46;<\/p>\n","protected":false},"author":2,"featured_media":14348,"comment_status":"open","ping_status":"open","sticky":false,"template":"","format":"standard","meta":{"footnotes":""},"categories":[5,1],"tags":[1258,1257,1255,1115,1234,1256,8,6,117],"class_list":["post-14347","post","type-post","status-publish","format-standard","has-post-thumbnail","hentry","category-eventos","category-noticias","tag-artista-mas-popular-2016","tag-david-bonhomme","tag-francisca-valenzuela","tag-noticias","tag-semana-yungayina-2016","tag-tiro-de-gracia","tag-yungay","tag-yungayino","tag-yungayinocl"],"_links":{"self":[{"href":"https:\/\/www.yungayino.cl\/noticias\/index.php?rest_route=\/wp\/v2\/posts\/14347","targetHints":{"allow":["GET"]}}],"collection":[{"href":"https:\/\/www.yungayino.cl\/noticias\/index.php?rest_route=\/wp\/v2\/posts"}],"about":[{"href":"https:\/\/www.yungayino.cl\/noticias\/index.php?rest_route=\/wp\/v2\/types\/post"}],"author":[{"embeddable":true,"href":"https:\/\/www.yungayino.cl\/noticias\/index.php?rest_route=\/wp\/v2\/users\/2"}],"replies":[{"embeddable":true,"href":"https:\/\/www.yungayino.cl\/noticias\/index.php?rest_route=%2Fwp%2Fv2%2Fcomments&post=14347"}],"version-history":[{"count":9,"href":"https:\/\/www.yungayino.cl\/noticias\/index.php?rest_route=\/wp\/v2\/posts\/14347\/revisions"}],"predecessor-version":[{"id":14365,"href":"https:\/\/www.yungayino.cl\/noticias\/index.php?rest_route=\/wp\/v2\/posts\/14347\/revisions\/14365"}],"wp:featuredmedia":[{"embeddable":true,"href":"https:\/\/www.yungayino.cl\/noticias\/index.php?rest_route=\/wp\/v2\/media\/14348"}],"wp:attachment":[{"href":"https:\/\/www.yungayino.cl\/noticias\/index.php?rest_route=%2Fwp%2Fv2%2Fmedia&parent=14347"}],"wp:term":[{"taxonomy":"category","embeddable":true,"href":"https:\/\/www.yungayino.cl\/noticias\/index.php?rest_route=%2Fwp%2Fv2%2Fcategories&post=14347"},{"taxonomy":"post_tag","embeddable":true,"href":"https:\/\/www.yungayino.cl\/noticias\/index.php?rest_route=%2Fwp%2Fv2%2Ftags&post=14347"}],"curies":[{"name":"wp","href":"https:\/\/api.w.org\/{rel}","templated":true}]}}