{"id":14366,"date":"2016-01-23T23:00:51","date_gmt":"2016-01-24T02:00:51","guid":{"rendered":"http:\/\/www.yungayino.cl\/noticias\/?p=14366"},"modified":"2016-01-28T16:58:53","modified_gmt":"2016-01-28T19:58:53","slug":"cerca-de-20-mil-personas-disfrutaron-de-fogata-de-la-amistad-en-semana-yungayina-2016","status":"publish","type":"post","link":"https:\/\/www.yungayino.cl\/noticias\/?p=14366","title":{"rendered":"Cerca de 20 mil personas disfrutaron de \u201cFogata de la Amistad\u201d en Semana Yungayina 2016"},"content":{"rendered":"<p style=\"text-align: justify;\"><strong>Yungay, 23 de Enero de 2016<\/strong>; Como es tradicional en la finalizaci\u00f3n de las actividades insertas en el programa de la Semana Yungayina 2016 que se desarrollaron en la localidad Campanario y balneario Trilaleo en la comuna de Yungay, tuvieron una importante presencia de p\u00fablico destacando esta \u00faltima noche en la \u201cFogata de la Amistad\u201d unos 20 mil asistentes.<\/p>\n<p style=\"text-align: justify;\">No se esperaba menos, ya que, las bandas invitadas eran las m\u00e1s reconocidas orquestas tropicales de nuestro pa\u00eds; Sonora Palacios, La Sonora de Tommy Rey y Los Vikings 5, junto a los temuquenses de La Clave, quienes interpretaron populares temas.<\/p>\n<div id=\"fb-root\"><\/div>\n<p><script>\/\/ <![CDATA[\n(function(d, s, id) { var js, fjs = d.getElementsByTagName(s)[0]; if (d.getElementById(id)) return; js = d.createElement(s); js.id = id; js.src = \"\/\/connect.facebook.net\/es_LA\/sdk.js#xfbml=1&#038;version=v2.3\"; fjs.parentNode.insertBefore(js, fjs);}(document, 'script', 'facebook-jssdk'));\n\/\/ ]]><\/script><\/p>\n<div class=\"fb-post\" data-href=\"https:\/\/www.facebook.com\/media\/set\/?set=a.1217904324891271.1073742742.159561284058919&amp;type=3\" data-width=\"500\">\n<div class=\"fb-xfbml-parse-ignore\">\n<blockquote cite=\"https:\/\/www.facebook.com\/media\/set\/?set=a.1217904324891271.1073742742.159561284058919&amp;type=3\"><p>YUNGAYINO.CLCerca de 20 mil personas disfrutaron de \u201cFogata de la Amistad\u201d en Semana Yungayina 2016&gt; M\u00c1S INFORMACI\u00d3N&#8230;<\/p>\n<p>Posted by <a href=\"https:\/\/www.facebook.com\/Yungayinocl-159561284058919\/\">Yungayino.cl<\/a> on\u00a0<a href=\"https:\/\/www.facebook.com\/media\/set\/?set=a.1217904324891271.1073742742.159561284058919&amp;type=3\">domingo, 24 de enero de 2016<\/a><\/p><\/blockquote>\n<\/div>\n<\/div>\n<p style=\"text-align: justify;\">Los encargados de abrir el espect\u00e1culo fue La Sonora Palacios es una de las orquestas m\u00e1s antiguas de Chile, quienes han mantenido por varias generaciones el gusto por la m\u00fasica, desde los a\u00f1os 60, infaltables en celebraciones, matrimonios, fiestas de fin de a\u00f1o, entre otros y que ac\u00e1 cumplieron con un show que tuvo una activa participaci\u00f3n del p\u00fablico quienes bailaban y coreaban sus cl\u00e1sicos temas, \u201cEl gale\u00f3n espa\u00f1ol\u201d, \u201cNegrito cumb\u00e1\u201d, \u201cAgua que no has de beber\u201d, fueron parte de su show.<\/p>\n<p style=\"text-align: justify;\">[Video Sonora Palacios]<\/p>\n<div id=\"fb-root\"><\/div>\n<p><script>\/\/ <![CDATA[\n(function(d, s, id) { var js, fjs = d.getElementsByTagName(s)[0]; if (d.getElementById(id)) return; js = d.createElement(s); js.id = id; js.src = \"\/\/connect.facebook.net\/es_LA\/sdk.js#xfbml=1&#038;version=v2.3\"; fjs.parentNode.insertBefore(js, fjs);}(document, 'script', 'facebook-jssdk'));\n\/\/ ]]><\/script><\/p>\n<div class=\"fb-video\" data-allowfullscreen=\"1\" data-href=\"https:\/\/www.facebook.com\/159561284058919\/videos\/1218105278204509\/\">\n<div class=\"fb-xfbml-parse-ignore\">\n<blockquote cite=\"https:\/\/www.facebook.com\/159561284058919\/videos\/1218105278204509\/\"><p><a href=\"https:\/\/www.facebook.com\/159561284058919\/videos\/1218105278204509\/\">[VIDEO] YUNGAYINO.CL &#8211; Sonora Palacios en Semana Yungayina 2016<\/a>[VIDEO] YUNGAYINO.CLSonora Palacios en Semana Yungayina 2016(extracto)? Yungayino.clhttp:\/\/www.yungayino.cl\/noticias\/?p=14366<\/p>\n<p>Posted by <a href=\"https:\/\/www.facebook.com\/Yungayinocl-159561284058919\/\">Yungayino.cl<\/a> on lunes, 25 de enero de 2016<\/p><\/blockquote>\n<\/div>\n<\/div>\n<p style=\"text-align: justify;\">Luego subieron al escenario el grupo oriundo de Temuco, La Clave, quienes con unos 15 a\u00f1os de trayectoria compartieron populares temas que fueron aplaudidos por el p\u00fablico, quienes por algunos minutos, vieron como comenzaban a caer las primeras gotas de lluvia, lo que no desalent\u00f3 a los asistentes que continuaban disfrutando del espect\u00e1culo.<\/p>\n<p style=\"text-align: justify;\">[Video La Clave]<\/p>\n<div id=\"fb-root\"><\/div>\n<p><script>\/\/ <![CDATA[\n(function(d, s, id) { var js, fjs = d.getElementsByTagName(s)[0]; if (d.getElementById(id)) return; js = d.createElement(s); js.id = id; js.src = \"\/\/connect.facebook.net\/es_LA\/sdk.js#xfbml=1&#038;version=v2.3\"; fjs.parentNode.insertBefore(js, fjs);}(document, 'script', 'facebook-jssdk'));\n\/\/ ]]><\/script><\/p>\n<div class=\"fb-video\" data-allowfullscreen=\"1\" data-href=\"https:\/\/www.facebook.com\/159561284058919\/videos\/1218103971537973\/\">\n<div class=\"fb-xfbml-parse-ignore\">\n<blockquote cite=\"https:\/\/www.facebook.com\/159561284058919\/videos\/1218103971537973\/\"><p><a href=\"https:\/\/www.facebook.com\/159561284058919\/videos\/1218103971537973\/\">[VIDEO] YUNGAYINO.CL &#8211; La Clave en Semana Yungayina 2016<\/a>[VIDEO] YUNGAYINO.CLLa Clave en Semana Yungayina 2016(extracto)? Yungayino.clhttp:\/\/www.yungayino.cl\/noticias\/?p=14366.<\/p>\n<p>Posted by <a href=\"https:\/\/www.facebook.com\/Yungayinocl-159561284058919\/\">Yungayino.cl<\/a> on domingo, 24 de enero de 2016<\/p><\/blockquote>\n<\/div>\n<\/div>\n<p style=\"text-align: justify;\">A esa hora ya se hab\u00eda encendido la primera de tres fogatas en el recinto del Balneario Trilaleo en la comuna yungayina.<\/p>\n<p style=\"text-align: justify;\">Patricio Z\u00fa\u00f1iga Jorquera, es un nombre que no ser\u00e1 reconocido por muchos, pero si agregamos que es un cantante chileno de cumbia, m\u00e1s conocido como \u201cTommy Rey\u201d vocalista y l\u00edder de La Sonora de Tommy Rey, sin duda la opiniones cambian de inmediato, recordando melod\u00edas de alguna fiesta en la que han participado.<\/p>\n<p style=\"text-align: justify;\">[Video Sonora Tommy Rey]<\/p>\n<div id=\"fb-root\"><\/div>\n<p><script>\/\/ <![CDATA[\n(function(d, s, id) { var js, fjs = d.getElementsByTagName(s)[0]; if (d.getElementById(id)) return; js = d.createElement(s); js.id = id; js.src = \"\/\/connect.facebook.net\/es_LA\/sdk.js#xfbml=1&#038;version=v2.3\"; fjs.parentNode.insertBefore(js, fjs);}(document, 'script', 'facebook-jssdk'));\n\/\/ ]]><\/script><\/p>\n<div class=\"fb-video\" data-allowfullscreen=\"1\" data-href=\"https:\/\/www.facebook.com\/159561284058919\/videos\/1218105771537793\/\">\n<div class=\"fb-xfbml-parse-ignore\">\n<blockquote cite=\"https:\/\/www.facebook.com\/159561284058919\/videos\/1218105771537793\/\"><p><a href=\"https:\/\/www.facebook.com\/159561284058919\/videos\/1218105771537793\/\">[VIDEO] YUNGAYINO.CL &#8211; La Sonora de Tommy Rey en Semana Yungay&#8230;<\/a>[VIDEO] YUNGAYINO.CLLa Sonora de Tommy Rey en Semana Yungayina 2016(extracto)? Yungayino.clhttp:\/\/www.yungayino.cl\/noticias\/?p=14366<\/p>\n<p>Posted by <a href=\"https:\/\/www.facebook.com\/Yungayinocl-159561284058919\/\">Yungayino.cl<\/a> on domingo, 24 de enero de 2016<\/p><\/blockquote>\n<\/div>\n<\/div>\n<p style=\"text-align: justify;\">Quien iniciara sus pasos en otra de las orquestas invitadas, Sonora Palacios, en la que fue su vocalista por cerca de dos d\u00e9cadas, ahora con m\u00e1s de 34 a\u00f1os, es el inconfundible registro vocal de su propia orquesta, presentando cerca de una hora de espect\u00e1culo musical.<\/p>\n<p style=\"text-align: justify;\">Para finalizar una de orquestas creadas en Coquimbo, con cerca de medio siglo en la cumbia nacional, incorporando sonidos de guitarra el\u00e9ctrica, bajo y bater\u00eda lo que marc\u00f3 una diferencia en sus inicios.<\/p>\n<p style=\"text-align: justify;\">[Video Los Vikings 5]<\/p>\n<div id=\"fb-root\"><\/div>\n<p><script>\/\/ <![CDATA[\n(function(d, s, id) { var js, fjs = d.getElementsByTagName(s)[0]; if (d.getElementById(id)) return; js = d.createElement(s); js.id = id; js.src = \"\/\/connect.facebook.net\/es_LA\/sdk.js#xfbml=1&#038;version=v2.3\"; fjs.parentNode.insertBefore(js, fjs);}(document, 'script', 'facebook-jssdk'));\n\/\/ ]]><\/script><\/p>\n<div class=\"fb-video\" data-allowfullscreen=\"1\" data-href=\"https:\/\/www.facebook.com\/159561284058919\/videos\/1218106008204436\/\">\n<div class=\"fb-xfbml-parse-ignore\">\n<blockquote cite=\"https:\/\/www.facebook.com\/159561284058919\/videos\/1218106008204436\/\"><p><a href=\"https:\/\/www.facebook.com\/159561284058919\/videos\/1218106008204436\/\">[VIDEO] YUNGAYINO.CL &#8211; Los Vikings 5 en Semana Yungayina 2016<\/a>[VIDEO] YUNGAYINO.CLLos Vikings 5 en Semana Yungayina 2016(extracto)? Yungayino.clhttp:\/\/www.yungayino.cl\/noticias\/?p=14366<\/p>\n<p>Posted by <a href=\"https:\/\/www.facebook.com\/Yungayinocl-159561284058919\/\">Yungayino.cl<\/a> on lunes, 25 de enero de 2016<\/p><\/blockquote>\n<\/div>\n<\/div>\n<p style=\"text-align: justify;\">El grupo es conocido por interpretar la primera versi\u00f3n en cumbia de la canci\u00f3n compuesta por Hern\u00e1n Gallardo Pavez \u00abUn a\u00f1o m\u00e1s\u00bb, \u00abEl negro Jos\u00e9\u00bb, \u00abEse muerto no lo cargo yo\u00bb, \u00abCari\u00f1ito\u00bb y \u00abBoquita de Caramelo\u00bb (Tus besos son) entre otros.<\/p>\n<p style=\"text-align: justify;\">Evento musical que durante estas cinco jornadas tuvo un alto nivel en producci\u00f3n, destacando aqu\u00ed a Mathieu Producciones, quienes tuvieron que ampliar el sector asignado para el escenario y as\u00ed poder incorporar una estructura m\u00e1s grande para poder instalar las 3 pantallas led, una de ellas, de 12 metros de largo por 5 metros de ancho, lo que permit\u00eda poder disfrutar desde cualquier punto del espect\u00e1culo.<\/p>\n<p style=\"text-align: justify;\">Tambi\u00e9n destacar el muy buen comportamiento del p\u00fablico que asistieron a todas las jornadas de show, la cual cont\u00f3 con un Plan de Seguridad por parte de Carabineros, qui\u00e9nes dispuso una gran cantidad de contingente policial para garantizar la seguridad de los espect\u00e1culos.<\/p>\n<p style=\"text-align: justify;\">Sin duda un espectacular cierre de los show art\u00edsticos musicales, cuyas actividades contin\u00faan en el marco de los festejos de un aniversario m\u00e1s de la comuna y los eventos que se ha preparado el Municipio de Yungay en esta temporada estival.<\/p>\n<p style=\"text-align: justify;\">\n<p style=\"text-align: justify;\">[su_button url=\u00bbhttps:\/\/www.facebook.com\/media\/set\/?set=a.1217904324891271.1073742742.159561284058919&amp;type=1&amp;l=8028dfa242&#8243; target=\u00bbblank\u00bb size=\u00bb5&#8243; radius=\u00bbround\u00bb icon=\u00bbicon: camera-retro\u00bb]FOTOGRAF\u00cdAS &#8211; Cerca de 20 mil personas disfrutaron de \u201cFogata de la Amistad\u201d en Semana Yungayina 2016[\/su_button]<\/p>\n<p style=\"text-align: justify;\">[su_button url=\u00bbhttps:\/\/www.facebook.com\/Yungayinocl-159561284058919\/videos\u00bb target=\u00bbblank\u00bb size=\u00bb5&#8243; radius=\u00bbround\u00bb icon=\u00bbicon: facebook-square\u00bb]VIDEO &#8211; Cerca de 20 mil personas disfrutaron de \u201cFogata de la Amistad\u201d en Semana Yungayina 2016[\/su_button]<\/p>\n","protected":false},"excerpt":{"rendered":"<p>Yungay, 23 de Enero de 2016; Como es tradicional en la finalizaci\u00f3n de las actividades insertas en el programa de la Semana Yungayina 2016 que se desarrollaron en la localidad Campanario y balneario Trilaleo&#46;&#46;&#46;<\/p>\n","protected":false},"author":2,"featured_media":14367,"comment_status":"open","ping_status":"open","sticky":false,"template":"","format":"standard","meta":{"footnotes":""},"categories":[5,1,15],"tags":[154,868,1260,1115,1234,1261,1259,8,6,117],"class_list":["post-14366","post","type-post","status-publish","format-standard","has-post-thumbnail","hentry","category-eventos","category-noticias","category-turismo","tag-fogata","tag-la-clave","tag-los-vikings-5","tag-noticias","tag-semana-yungayina-2016","tag-sonora-palacios","tag-tommy-rey","tag-yungay","tag-yungayino","tag-yungayinocl"],"_links":{"self":[{"href":"https:\/\/www.yungayino.cl\/noticias\/index.php?rest_route=\/wp\/v2\/posts\/14366","targetHints":{"allow":["GET"]}}],"collection":[{"href":"https:\/\/www.yungayino.cl\/noticias\/index.php?rest_route=\/wp\/v2\/posts"}],"about":[{"href":"https:\/\/www.yungayino.cl\/noticias\/index.php?rest_route=\/wp\/v2\/types\/post"}],"author":[{"embeddable":true,"href":"https:\/\/www.yungayino.cl\/noticias\/index.php?rest_route=\/wp\/v2\/users\/2"}],"replies":[{"embeddable":true,"href":"https:\/\/www.yungayino.cl\/noticias\/index.php?rest_route=%2Fwp%2Fv2%2Fcomments&post=14366"}],"version-history":[{"count":8,"href":"https:\/\/www.yungayino.cl\/noticias\/index.php?rest_route=\/wp\/v2\/posts\/14366\/revisions"}],"predecessor-version":[{"id":14375,"href":"https:\/\/www.yungayino.cl\/noticias\/index.php?rest_route=\/wp\/v2\/posts\/14366\/revisions\/14375"}],"wp:featuredmedia":[{"embeddable":true,"href":"https:\/\/www.yungayino.cl\/noticias\/index.php?rest_route=\/wp\/v2\/media\/14367"}],"wp:attachment":[{"href":"https:\/\/www.yungayino.cl\/noticias\/index.php?rest_route=%2Fwp%2Fv2%2Fmedia&parent=14366"}],"wp:term":[{"taxonomy":"category","embeddable":true,"href":"https:\/\/www.yungayino.cl\/noticias\/index.php?rest_route=%2Fwp%2Fv2%2Fcategories&post=14366"},{"taxonomy":"post_tag","embeddable":true,"href":"https:\/\/www.yungayino.cl\/noticias\/index.php?rest_route=%2Fwp%2Fv2%2Ftags&post=14366"}],"curies":[{"name":"wp","href":"https:\/\/api.w.org\/{rel}","templated":true}]}}