{"id":14387,"date":"2016-01-28T23:00:51","date_gmt":"2016-01-29T02:00:51","guid":{"rendered":"http:\/\/www.yungayino.cl\/noticias\/?p=14387"},"modified":"2016-01-29T21:48:59","modified_gmt":"2016-01-30T00:48:59","slug":"nuevo-comisario-asume-mando-en-cuarta-comisaria-de-yungay","status":"publish","type":"post","link":"https:\/\/www.yungayino.cl\/noticias\/?p=14387","title":{"rendered":"Nuevo Comisario Asume Mando en Cuarta Comisar\u00eda de Yungay"},"content":{"rendered":"<p style=\"text-align: justify;\">Yungay, jueves 28 de enero 2016: A partir de las 17:30 horas en una breve ceremonia efectuada en las dependencias de la Cuarta Comisar\u00eda de Carabineros de nuestra comuna y que cont\u00f3 con la presencia del alcalde Pedro Inostroza Valenzuela y el Sr. Subprefecto Administrativo de la Prefectura \u00d1uble, Teniente Coronel Don Benjamin Piva Valdes en calidad de Interventor, asumi\u00f3 como nuevo comisario de esta unidad el Mayor Don Rodrigo Rosales Cataldo.<br \/>\nEn la ocasi\u00f3n el Coronel felicit\u00f3 el trabajo realizado por el Mayor Darwin Illanes Aguilera, quien fue asignado a la comuna de Quellon, por otra parte dio la bienvenida y espera \u00e9xito en el nuevo desaf\u00edo al Mayor Don Rodrigo Rosales Cataldo, e hizo un llamado a los uniformados presentes a seguir trabajando por el bien de toda la comunidad.<\/p>\n<div id=\"fb-root\"><\/div>\n<p><script>\/\/ <![CDATA[\n(function(d, s, id) {  var js, fjs = d.getElementsByTagName(s)[0];  if (d.getElementById(id)) return;  js = d.createElement(s); js.id = id;  js.src = \"\/\/connect.facebook.net\/es_LA\/sdk.js#xfbml=1&#038;version=v2.3\";  fjs.parentNode.insertBefore(js, fjs);}(document, 'script', 'facebook-jssdk'));\n\/\/ ]]><\/script><\/p>\n<div class=\"fb-post\" data-href=\"https:\/\/www.facebook.com\/media\/set\/?set=a.1220623791285991.1073742745.159561284058919&amp;type=3\" data-width=\"500\">\n<div class=\"fb-xfbml-parse-ignore\">\n<blockquote cite=\"https:\/\/www.facebook.com\/media\/set\/?set=a.1220623791285991.1073742745.159561284058919&amp;type=3\"><p>YUNGAYINO.CLNuevo Comisario Asume Mando en Cuarta Comisar\u00eda de Yungay&gt; M\u00c1S INFORMACI\u00d3N EN:&gt; FOTOGRAF\u00cd&#8230;<\/p>\n<p>Posted by <a href=\"https:\/\/www.facebook.com\/Yungayinocl-159561284058919\/\">Yungayino.cl<\/a> on\u00a0<a href=\"https:\/\/www.facebook.com\/media\/set\/?set=a.1220623791285991.1073742745.159561284058919&amp;type=3\">viernes, 29 de enero de 2016<\/a><\/p><\/blockquote>\n<\/div>\n<\/div>\n<p>Finalmente el nuevo comisario de la Cuarta Comisaria de Yungay se\u00f1alo al Equipo del Portal Yungayino.cl que quisiera enviar un mensaje de gratitud a la comunidad y manifest\u00f3 sentirse privilegiado por que el alto mando lo haya designado a Yungay, tambi\u00e9n se\u00f1alo que viene de la comuna de Santa Cruz, que es un hombre casado y tiene hijos por lo tanto espera integrarse pronto a la comunidad de distintas forma como pap\u00e1, apoderado del colegio y tambi\u00e9n como integrante de las diferentes agrupaciones sociales de la comuna y finalmente como Jefe de Carabineros espera seguir realizando el buen trabajo que ha dejado el Mayor Darwin Illanes y a trabajar por el bien de toda la comunidad.<\/p>\n<p style=\"text-align: justify;\">[su_button url=\u00bbhttps:\/\/www.facebook.com\/media\/set\/?set=a.1220623791285991.1073742745.159561284058919&amp;type=1&amp;l=e1cb87776d\u00bb target=\u00bbblank\u00bb size=\u00bb7&#8243; radius=\u00bbround\u00bb icon=\u00bbicon: facebook-square\u00bb]FOTOGRAF\u00cdAS &#8211; Nuevo Comisario Asume Mando en Cuarta Comisar\u00eda de Yungay[\/su_button]<\/p>\n","protected":false},"excerpt":{"rendered":"<p>Yungay, jueves 28 de enero 2016: A partir de las 17:30 horas en una breve ceremonia efectuada en las dependencias de la Cuarta Comisar\u00eda de Carabineros de nuestra comuna y que cont\u00f3 con la&#46;&#46;&#46;<\/p>\n","protected":false},"author":2,"featured_media":14390,"comment_status":"open","ping_status":"open","sticky":false,"template":"","format":"standard","meta":{"footnotes":""},"categories":[3,1],"tags":[25,709,1264,1115,8,6,117],"class_list":["post-14387","post","type-post","status-publish","format-standard","has-post-thumbnail","hentry","category-actualidad","category-noticias","tag-carabineros","tag-mayor-darwin-illanes","tag-mayor-rodrigo-rosales","tag-noticias","tag-yungay","tag-yungayino","tag-yungayinocl"],"_links":{"self":[{"href":"https:\/\/www.yungayino.cl\/noticias\/index.php?rest_route=\/wp\/v2\/posts\/14387","targetHints":{"allow":["GET"]}}],"collection":[{"href":"https:\/\/www.yungayino.cl\/noticias\/index.php?rest_route=\/wp\/v2\/posts"}],"about":[{"href":"https:\/\/www.yungayino.cl\/noticias\/index.php?rest_route=\/wp\/v2\/types\/post"}],"author":[{"embeddable":true,"href":"https:\/\/www.yungayino.cl\/noticias\/index.php?rest_route=\/wp\/v2\/users\/2"}],"replies":[{"embeddable":true,"href":"https:\/\/www.yungayino.cl\/noticias\/index.php?rest_route=%2Fwp%2Fv2%2Fcomments&post=14387"}],"version-history":[{"count":2,"href":"https:\/\/www.yungayino.cl\/noticias\/index.php?rest_route=\/wp\/v2\/posts\/14387\/revisions"}],"predecessor-version":[{"id":14391,"href":"https:\/\/www.yungayino.cl\/noticias\/index.php?rest_route=\/wp\/v2\/posts\/14387\/revisions\/14391"}],"wp:featuredmedia":[{"embeddable":true,"href":"https:\/\/www.yungayino.cl\/noticias\/index.php?rest_route=\/wp\/v2\/media\/14390"}],"wp:attachment":[{"href":"https:\/\/www.yungayino.cl\/noticias\/index.php?rest_route=%2Fwp%2Fv2%2Fmedia&parent=14387"}],"wp:term":[{"taxonomy":"category","embeddable":true,"href":"https:\/\/www.yungayino.cl\/noticias\/index.php?rest_route=%2Fwp%2Fv2%2Fcategories&post=14387"},{"taxonomy":"post_tag","embeddable":true,"href":"https:\/\/www.yungayino.cl\/noticias\/index.php?rest_route=%2Fwp%2Fv2%2Ftags&post=14387"}],"curies":[{"name":"wp","href":"https:\/\/api.w.org\/{rel}","templated":true}]}}