{"id":14397,"date":"2016-01-30T20:00:30","date_gmt":"2016-01-30T23:00:30","guid":{"rendered":"http:\/\/www.yungayino.cl\/noticias\/?p=14397"},"modified":"2016-01-31T00:48:38","modified_gmt":"2016-01-31T03:48:38","slug":"plan-para-el-desarrollo-del-turismo-se-realizo-en-yungay","status":"publish","type":"post","link":"https:\/\/www.yungayino.cl\/noticias\/?p=14397","title":{"rendered":"Plan Para el Desarrollo del Turismo se Realiz\u00f3 en Yungay"},"content":{"rendered":"<p style=\"text-align: justify;\">Yungay, s\u00e1bado 30 de enero 2016: En el Auditorio de la Biblioteca P\u00fablica se llev\u00f3 a cabo ayer viernes 29 de enero la construcci\u00f3n del <strong>\u201cPlan para el Desarrollo del Turismo en la Comuna de Yungay 2016 \u2013 2026\u201d, <\/strong>organizado por la Municipalidad de Yungay, en colaboraci\u00f3n con la Universidad de Concepci\u00f3n y el Servicio Nacional del Turismo.<\/p>\n<p style=\"text-align: justify;\">A la actividad concurrieron representantes del turismo, comercio, secplan, artesanos, agrupaciones, funcionarios del municipio, etc., quienes participaron activamente de la presentaci\u00f3n y mesas de trabajo realizadas por la Acad\u00e9mica de la Facultad de Ciencias Forestales de la Universidad de Concepci\u00f3n, Srta. Mariela Nu\u00f1ez.<\/p>\n<p style=\"text-align: justify;\">\n<div id=\"fb-root\"><\/div>\n<p><script>(function(d, s, id) {  var js, fjs = d.getElementsByTagName(s)[0];  if (d.getElementById(id)) return;  js = d.createElement(s); js.id = id;  js.src = \"\/\/connect.facebook.net\/es_LA\/sdk.js#xfbml=1&version=v2.3\";  fjs.parentNode.insertBefore(js, fjs);}(document, 'script', 'facebook-jssdk'));<\/script><\/p>\n<div class=\"fb-post\" data-href=\"https:\/\/www.facebook.com\/media\/set\/?set=a.1221689224512781.1073742746.159561284058919&amp;type=3\" data-width=\"500\">\n<div class=\"fb-xfbml-parse-ignore\">\n<blockquote cite=\"https:\/\/www.facebook.com\/media\/set\/?set=a.1221689224512781.1073742746.159561284058919&amp;type=3\">\n<p>YUNGAYINO.CLPlan Para el Desarrollo del Turismo se Realiz&#xf3; en Yungay&gt; M&#xc1;S INFORMACI&#xd3;N EN:&gt; FOTOGRAF&#xcd;&#8230;<\/p>\n<p>Posted by <a href=\"https:\/\/www.facebook.com\/Yungayinocl-159561284058919\/\">Yungayino.cl<\/a> on&nbsp;<a href=\"https:\/\/www.facebook.com\/media\/set\/?set=a.1221689224512781.1073742746.159561284058919&amp;type=3\">s\u00e1bado, 30 de enero de 2016<\/a><\/p><\/blockquote>\n<\/div>\n<\/div>\n<p style=\"text-align: justify;\">Srta. Mariela Nu\u00f1ez, se\u00f1alo al Equipo del Portal Yungayino.cl, que est\u00e1 trabajando en el \u201cPlan para el Desarrollo del Turismo en la Comuna de Yungay 2016 \u2013 2026\u201d, con el objetivo de potenciar el desarrollo del turismo basado en la conservaci\u00f3n de la naturaleza, dado que Yungay es parte de la Reserva de la Biosfera, que es un Patrimonio de la Humanidad y por lo tanto necesitamos planificar las actividades tur\u00edsticas que se hagan en funci\u00f3n a este patrimonio natural y cultural que obviamente tiene esta comuna. Tambi\u00e9n manifest\u00f3 que este es el primer taller de tres, y donde espera que en las siguientes etapas lleguen m\u00e1s personas para que este Plan sea construido por los habitantes de la comuna de Yungay y las personas se sientan parte de esta construcci\u00f3n colectiva, para que as\u00ed luego ellos se involucren y tambi\u00e9n verifiquen que este plan se ejecute, y que mejor que los ciudadanos se aseguren que se cumplan los objetivos de corto, mediano y largo plazo.<\/p>\n<p style=\"text-align: justify;\">Finalmente reiter\u00f3 la invitaci\u00f3n a participar a toda la comunidad para los siguientes talleres que se llevaran a cabo en el mes de marzo y abril.<\/p>\n<p style=\"text-align: justify;\">\n<p style=\"text-align: justify;\">[su_button url=\u00bbhttps:\/\/www.facebook.com\/media\/set\/?set=a.1221689224512781.1073742746.159561284058919&amp;type=1&amp;l=f140342c98&#8243; target=\u00bbblank\u00bb size=\u00bb7&#8243; radius=\u00bbround\u00bb icon=\u00bbicon: facebook-square\u00bb]FOTOGRAF\u00cdAS &#8211; Plan Para el Desarrollo del Turismo se Realiz\u00f3 en Yungay[\/su_button]<\/p>\n","protected":false},"excerpt":{"rendered":"<p>Yungay, s\u00e1bado 30 de enero 2016: En el Auditorio de la Biblioteca P\u00fablica se llev\u00f3 a cabo ayer viernes 29 de enero la construcci\u00f3n del \u201cPlan para el Desarrollo del Turismo en la Comuna&#46;&#46;&#46;<\/p>\n","protected":false},"author":2,"featured_media":14399,"comment_status":"open","ping_status":"open","sticky":false,"template":"","format":"standard","meta":{"footnotes":""},"categories":[3,1,32,15],"tags":[1115,1119,8,6,117],"class_list":["post-14397","post","type-post","status-publish","format-standard","has-post-thumbnail","hentry","category-actualidad","category-noticias","category-servicios","category-turismo","tag-noticias","tag-turismo","tag-yungay","tag-yungayino","tag-yungayinocl"],"_links":{"self":[{"href":"https:\/\/www.yungayino.cl\/noticias\/index.php?rest_route=\/wp\/v2\/posts\/14397","targetHints":{"allow":["GET"]}}],"collection":[{"href":"https:\/\/www.yungayino.cl\/noticias\/index.php?rest_route=\/wp\/v2\/posts"}],"about":[{"href":"https:\/\/www.yungayino.cl\/noticias\/index.php?rest_route=\/wp\/v2\/types\/post"}],"author":[{"embeddable":true,"href":"https:\/\/www.yungayino.cl\/noticias\/index.php?rest_route=\/wp\/v2\/users\/2"}],"replies":[{"embeddable":true,"href":"https:\/\/www.yungayino.cl\/noticias\/index.php?rest_route=%2Fwp%2Fv2%2Fcomments&post=14397"}],"version-history":[{"count":2,"href":"https:\/\/www.yungayino.cl\/noticias\/index.php?rest_route=\/wp\/v2\/posts\/14397\/revisions"}],"predecessor-version":[{"id":14400,"href":"https:\/\/www.yungayino.cl\/noticias\/index.php?rest_route=\/wp\/v2\/posts\/14397\/revisions\/14400"}],"wp:featuredmedia":[{"embeddable":true,"href":"https:\/\/www.yungayino.cl\/noticias\/index.php?rest_route=\/wp\/v2\/media\/14399"}],"wp:attachment":[{"href":"https:\/\/www.yungayino.cl\/noticias\/index.php?rest_route=%2Fwp%2Fv2%2Fmedia&parent=14397"}],"wp:term":[{"taxonomy":"category","embeddable":true,"href":"https:\/\/www.yungayino.cl\/noticias\/index.php?rest_route=%2Fwp%2Fv2%2Fcategories&post=14397"},{"taxonomy":"post_tag","embeddable":true,"href":"https:\/\/www.yungayino.cl\/noticias\/index.php?rest_route=%2Fwp%2Fv2%2Ftags&post=14397"}],"curies":[{"name":"wp","href":"https:\/\/api.w.org\/{rel}","templated":true}]}}