{"id":14438,"date":"2016-02-12T14:00:02","date_gmt":"2016-02-12T17:00:02","guid":{"rendered":"http:\/\/www.yungayino.cl\/noticias\/?p=14438"},"modified":"2016-02-12T14:50:54","modified_gmt":"2016-02-12T17:50:54","slug":"tercera-noche-de-la-xiv-version-feria-costumbrista-yungay-2016","status":"publish","type":"post","link":"https:\/\/www.yungayino.cl\/noticias\/?p=14438","title":{"rendered":"Tercera Noche de la XIV Versi\u00f3n \u201cFeria Costumbrista Yungay 2016\u201d"},"content":{"rendered":"<p style=\"text-align: justify;\">Yungay, jueves 11 de febrero 20016: Como ya es tradicional los adultos mayores tambi\u00e9n tuvieron su oportunidad de mostrarse en esta tercera noche de show de la feria costumbrista, fue as\u00ed como la Agrupaci\u00f3n Folcl\u00f3rica <strong>\u201cAndalican\u201d<\/strong> realizo su presentaci\u00f3n interpretando y bailando nuestro baile nacional, adem\u00e1s de compartir con el p\u00fablico haci\u00e9ndolos participar en sus bailes.<\/p>\n<div id=\"fb-root\"><\/div>\n<p><script>\/\/ <![CDATA[\n(function(d, s, id) {  var js, fjs = d.getElementsByTagName(s)[0];  if (d.getElementById(id)) return;  js = d.createElement(s); js.id = id;  js.src = \"\/\/connect.facebook.net\/es_LA\/sdk.js#xfbml=1&#038;version=v2.3\";  fjs.parentNode.insertBefore(js, fjs);}(document, 'script', 'facebook-jssdk'));\n\/\/ ]]><\/script><\/p>\n<div class=\"fb-post\" data-href=\"https:\/\/www.facebook.com\/media\/set\/?set=a.1229112477103789.1073742753.159561284058919&amp;type=3\" data-width=\"500\">\n<div class=\"fb-xfbml-parse-ignore\">\n<blockquote cite=\"https:\/\/www.facebook.com\/media\/set\/?set=a.1229112477103789.1073742753.159561284058919&amp;type=3\"><p>Posted by <a href=\"https:\/\/www.facebook.com\/Yungayinocl-159561284058919\/\">Yungayino.cl<\/a> on\u00a0<a href=\"https:\/\/www.facebook.com\/media\/set\/?set=a.1229112477103789.1073742753.159561284058919&amp;type=3\">viernes, 12 de febrero de 2016<\/a><\/p><\/blockquote>\n<\/div>\n<\/div>\n<p style=\"text-align: justify;\">\n<p style=\"text-align: justify;\">Luego sali\u00f3 al escenario el Club de Cueca <strong>\u201cTrinar de Espuelas\u201d<\/strong> de la ciudad de Nacimiento, quienes realizaron una impecable puesta en escena, presentando bailes de la Isla de Pascua, Mapuche, Zona Centro de Chile, Cuba y Colombia.<\/p>\n<p style=\"text-align: justify;\">A continuaci\u00f3n se present\u00f3 <strong>\u201cCantares de Yungay\u201d,<\/strong> Agrupaci\u00f3n Folcl\u00f3rica Yungayina que deleitaron al p\u00fablico asistente con sus cantos, danzas y bailes de ra\u00edz folcl\u00f3rica de la zona central, Chilo\u00e9 y la Patagonia. Destacar que la Agrupaci\u00f3n Folcl\u00f3rica \u201cCantares de Yungay\u201d es una de las organizaciones que siempre est\u00e1 presente en actividades que congrega a la comunidad, donde dan a conocer el trabajo y la evoluci\u00f3n que han experimentado en estos siete a\u00f1os al servicio de la difusi\u00f3n de nuestro folclor.<\/p>\n<p style=\"text-align: justify;\">Finalmente subi\u00f3 al escenario el Grupo <strong>\u201cLos Felinos\u201d, <\/strong>quienes al ritmo de la m\u00fasica ranchera cerraron la jornada de esta tercera noche de show de la Feria Costumbrista Yungay 2016.<\/p>\n<p style=\"text-align: justify;\">[su_button url=\u00bbhttps:\/\/www.facebook.com\/media\/set\/?set=a.1229112477103789.1073742753.159561284058919&amp;type=1&amp;l=cb07423a80&#8243; target=\u00bbblank\u00bb size=\u00bb7&#8243; radius=\u00bbround\u00bb icon=\u00bbicon: facebook-square\u00bb]FOTOGRAF\u00cdAS &#8211; Tercera Noche de la XIV Versi\u00f3n \u201cFeria Costumbrista Yungay 2016\u201d[\/su_button]<\/p>\n","protected":false},"excerpt":{"rendered":"<p>Yungay, jueves 11 de febrero 20016: Como ya es tradicional los adultos mayores tambi\u00e9n tuvieron su oportunidad de mostrarse en esta tercera noche de show de la feria costumbrista, fue as\u00ed como la Agrupaci\u00f3n&#46;&#46;&#46;<\/p>\n","protected":false},"author":2,"featured_media":14439,"comment_status":"open","ping_status":"open","sticky":false,"template":"","format":"standard","meta":{"footnotes":""},"categories":[5,1],"tags":[1275,60,1267,1274,1276,1266,8,6,117],"class_list":["post-14438","post","type-post","status-publish","format-standard","has-post-thumbnail","hentry","category-eventos","category-noticias","tag-agrupacion-de-adultos-mayores","tag-cantares-de-yungay","tag-feria-costumbrista-2016","tag-los-felinos","tag-trinar-de-espuelas","tag-xiv-feria-costumbrista","tag-yungay","tag-yungayino","tag-yungayinocl"],"_links":{"self":[{"href":"https:\/\/www.yungayino.cl\/noticias\/index.php?rest_route=\/wp\/v2\/posts\/14438","targetHints":{"allow":["GET"]}}],"collection":[{"href":"https:\/\/www.yungayino.cl\/noticias\/index.php?rest_route=\/wp\/v2\/posts"}],"about":[{"href":"https:\/\/www.yungayino.cl\/noticias\/index.php?rest_route=\/wp\/v2\/types\/post"}],"author":[{"embeddable":true,"href":"https:\/\/www.yungayino.cl\/noticias\/index.php?rest_route=\/wp\/v2\/users\/2"}],"replies":[{"embeddable":true,"href":"https:\/\/www.yungayino.cl\/noticias\/index.php?rest_route=%2Fwp%2Fv2%2Fcomments&post=14438"}],"version-history":[{"count":2,"href":"https:\/\/www.yungayino.cl\/noticias\/index.php?rest_route=\/wp\/v2\/posts\/14438\/revisions"}],"predecessor-version":[{"id":14441,"href":"https:\/\/www.yungayino.cl\/noticias\/index.php?rest_route=\/wp\/v2\/posts\/14438\/revisions\/14441"}],"wp:featuredmedia":[{"embeddable":true,"href":"https:\/\/www.yungayino.cl\/noticias\/index.php?rest_route=\/wp\/v2\/media\/14439"}],"wp:attachment":[{"href":"https:\/\/www.yungayino.cl\/noticias\/index.php?rest_route=%2Fwp%2Fv2%2Fmedia&parent=14438"}],"wp:term":[{"taxonomy":"category","embeddable":true,"href":"https:\/\/www.yungayino.cl\/noticias\/index.php?rest_route=%2Fwp%2Fv2%2Fcategories&post=14438"},{"taxonomy":"post_tag","embeddable":true,"href":"https:\/\/www.yungayino.cl\/noticias\/index.php?rest_route=%2Fwp%2Fv2%2Ftags&post=14438"}],"curies":[{"name":"wp","href":"https:\/\/api.w.org\/{rel}","templated":true}]}}