{"id":14442,"date":"2016-02-12T23:30:59","date_gmt":"2016-02-13T02:30:59","guid":{"rendered":"http:\/\/www.yungayino.cl\/noticias\/?p=14442"},"modified":"2016-02-13T12:46:12","modified_gmt":"2016-02-13T15:46:12","slug":"hospital-de-yungay-inaugura-nueva-ambulancia","status":"publish","type":"post","link":"https:\/\/www.yungayino.cl\/noticias\/?p=14442","title":{"rendered":"Hospital de Yungay Inaugura Nueva Ambulancia"},"content":{"rendered":"<p style=\"text-align: justify;\">Yungay, viernes 12 de Febrero: En una significativa Ceremonia de Inauguraci\u00f3n, el Director del Hospital Comunitario de Salud Familiar Pedro Morales Campos de Yungay, Sr. Osvaldo Acevedo Guti\u00e9rrez hizo entrega de una nueva ambulancia para nuestro Hospital y para el servicio de la Comunidad.<\/p>\n<div id=\"fb-root\" style=\"text-align: justify;\"><\/div>\n<p style=\"text-align: justify;\"><script>\/\/ <![CDATA[\n(function(d, s, id) {  var js, fjs = d.getElementsByTagName(s)[0];  if (d.getElementById(id)) return;  js = d.createElement(s); js.id = id;  js.src = \"\/\/connect.facebook.net\/es_LA\/sdk.js#xfbml=1&#038;version=v2.3\";  fjs.parentNode.insertBefore(js, fjs);}(document, 'script', 'facebook-jssdk'));\n\/\/ ]]><\/script><\/p>\n<div class=\"fb-post\" style=\"text-align: justify;\" data-href=\"https:\/\/www.facebook.com\/media\/set\/?set=a.1229694123712291.1073742754.159561284058919&amp;type=3\" data-width=\"500\">\n<div class=\"fb-xfbml-parse-ignore\">\n<blockquote cite=\"https:\/\/www.facebook.com\/media\/set\/?set=a.1229694123712291.1073742754.159561284058919&amp;type=3\"><p>YUNGAYINO.CLHospital de Yungay Inaugura Nueva Ambulancia&gt; M\u00c1S INFORMACI\u00d3N&#8230;<\/p>\n<p>Posted by <a href=\"https:\/\/www.facebook.com\/Yungayinocl-159561284058919\/\">Yungayino.cl<\/a> on\u00a0<a href=\"https:\/\/www.facebook.com\/media\/set\/?set=a.1229694123712291.1073742754.159561284058919&amp;type=3\">s\u00e1bado, 13 de febrero de 2016<\/a><\/p><\/blockquote>\n<\/div>\n<\/div>\n<p style=\"text-align: justify;\">La nueva ambulancia tuvo un costo de $54.383.000, la cual se gestion\u00f3 a trav\u00e9s de un proyecto financiado con fondos del Ministerio de Salud, lo que es una muestra concreta que la Presidenta Michelle Bachelet y el Director de Servicio de Salud \u00d1uble Dr. Iv\u00e1n Paul est\u00e1n apoyando al Hospital de Yungay, as\u00ed lo se\u00f1al\u00f3 el Director a los presentes en su discurso.<\/p>\n<p style=\"text-align: justify;\">Destacar que en el a\u00f1o 2015 llegaron 3 ambulancias nuevas al Hospital de Yungay y que ahora esta ser\u00eda la cuarta, donde una de ellas es 4&#215;4 todo terreno, lo que significa finalmente una inversi\u00f3n total de $219.959.600 en ambulancias para el Hospital de Yungay.<\/p>\n<p style=\"text-align: justify;\">La ceremonia de inauguraci\u00f3n cont\u00f3 con la asistencia del alcalde Pedro Inostroza Valenzuela, los concejales Rafael Cifuentes, Marco Cuevas y Ang\u00e9lica Cabezas, adem\u00e1s de Funcionarios del Hospital, Representantes de las Juntas de Vecinos e invitados especiales.<\/p>\n<p style=\"text-align: justify;\"><strong>Osvaldo Acevedo Guti\u00e9rrez: <\/strong>Se\u00f1alo a los presentes estar muy feliz por esta nueva ambulancia a la cual el nombro \u201csolidaridad\u201d, debido a que cuando hubo la cat\u00e1strofe en el norte del pa\u00eds, Yungay puso a disposici\u00f3n su nueva ambulancia de ese momento para ir en ayuda de los compatriotas de la Regi\u00f3n de Atacama, lo que signific\u00f3 que las autoridades valoraran mucho este gesto y tomaran la decisi\u00f3n de aprobar el proyecto de una nueva ambulancia para el Hospital de Yungay. Finalmente el Director hizo entrega de manera simb\u00f3lica de las llaves de esta nueva ambulancia a un conductor del Establecimiento de Salud.<\/p>\n<p style=\"text-align: justify;\">El Edil<strong>, Pedro Inostroza Valenzuela: <\/strong>Se\u00f1alo como un gran logro la adquisici\u00f3n de esta nueva ambulancia, la cual significa un gran aporte y beneficio para la salud de nuestros vecinos, tambi\u00e9n en su discurso felicito a todo el Equipo del Hospital encabezado por su Director por este gran logro que fue gestionado gracias a la presentaci\u00f3n de proyectos a fondos del Ministerio de Salud.<\/p>\n<p style=\"text-align: justify;\">[su_button url=\u00bbhttps:\/\/www.facebook.com\/media\/set\/?set=a.1229694123712291.1073742754.159561284058919&amp;type=1&amp;l=e04c5aa796&#8243; target=\u00bbblank\u00bb size=\u00bb7&#8243; radius=\u00bbround\u00bb icon=\u00bbicon: facebook-square\u00bb]FOTOGRAF\u00cdAS &#8211; Hospital de Yungay Inaugura Nueva Ambulancia[\/su_button]<\/p>\n","protected":false},"excerpt":{"rendered":"<p>Yungay, viernes 12 de Febrero: En una significativa Ceremonia de Inauguraci\u00f3n, el Director del Hospital Comunitario de Salud Familiar Pedro Morales Campos de Yungay, Sr. Osvaldo Acevedo Guti\u00e9rrez hizo entrega de una nueva ambulancia&#46;&#46;&#46;<\/p>\n","protected":false},"author":2,"featured_media":14443,"comment_status":"open","ping_status":"open","sticky":false,"template":"","format":"standard","meta":{"footnotes":""},"categories":[3,1,32],"tags":[1061,421,1115,65,8,6,117],"class_list":["post-14442","post","type-post","status-publish","format-standard","has-post-thumbnail","hentry","category-actualidad","category-noticias","category-servicios","tag-ambulancia","tag-hospital-de-yungay","tag-noticias","tag-salud","tag-yungay","tag-yungayino","tag-yungayinocl"],"_links":{"self":[{"href":"https:\/\/www.yungayino.cl\/noticias\/index.php?rest_route=\/wp\/v2\/posts\/14442","targetHints":{"allow":["GET"]}}],"collection":[{"href":"https:\/\/www.yungayino.cl\/noticias\/index.php?rest_route=\/wp\/v2\/posts"}],"about":[{"href":"https:\/\/www.yungayino.cl\/noticias\/index.php?rest_route=\/wp\/v2\/types\/post"}],"author":[{"embeddable":true,"href":"https:\/\/www.yungayino.cl\/noticias\/index.php?rest_route=\/wp\/v2\/users\/2"}],"replies":[{"embeddable":true,"href":"https:\/\/www.yungayino.cl\/noticias\/index.php?rest_route=%2Fwp%2Fv2%2Fcomments&post=14442"}],"version-history":[{"count":4,"href":"https:\/\/www.yungayino.cl\/noticias\/index.php?rest_route=\/wp\/v2\/posts\/14442\/revisions"}],"predecessor-version":[{"id":14447,"href":"https:\/\/www.yungayino.cl\/noticias\/index.php?rest_route=\/wp\/v2\/posts\/14442\/revisions\/14447"}],"wp:featuredmedia":[{"embeddable":true,"href":"https:\/\/www.yungayino.cl\/noticias\/index.php?rest_route=\/wp\/v2\/media\/14443"}],"wp:attachment":[{"href":"https:\/\/www.yungayino.cl\/noticias\/index.php?rest_route=%2Fwp%2Fv2%2Fmedia&parent=14442"}],"wp:term":[{"taxonomy":"category","embeddable":true,"href":"https:\/\/www.yungayino.cl\/noticias\/index.php?rest_route=%2Fwp%2Fv2%2Fcategories&post=14442"},{"taxonomy":"post_tag","embeddable":true,"href":"https:\/\/www.yungayino.cl\/noticias\/index.php?rest_route=%2Fwp%2Fv2%2Ftags&post=14442"}],"curies":[{"name":"wp","href":"https:\/\/api.w.org\/{rel}","templated":true}]}}