{"id":1445,"date":"2009-07-15T17:10:41","date_gmt":"2009-07-15T21:10:41","guid":{"rendered":"http:\/\/www.yungayino.cl\/noticias\/?p=1445"},"modified":"2009-07-15T22:37:46","modified_gmt":"2009-07-16T02:37:46","slug":"equipo-del-portal-yungayinocl-invitado-al-matinal-de-canal-9-regional","status":"publish","type":"post","link":"https:\/\/www.yungayino.cl\/noticias\/?p=1445","title":{"rendered":"Equipo del Portal Yungayino.cl Invitado al Matinal de Canal 9 Regional"},"content":{"rendered":"<p><img decoding=\"async\" src=\"http:\/\/www.yungayino.cl\/imagenes\/canal9regional.jpg\" alt=\"Canal 9 Regional\" \/><img decoding=\"async\" src=\"http:\/\/www.yungayino.cl\/imagenes\/logo_yungayino.jpg\" alt=\"www.yungayino.cl. El Portal de Yungay\" \/><\/p>\n<p align=\"justify\"><font size=\"2\">Canal 9 Regional realiz\u00f3 una nueva invitaci\u00f3n al Equipo Yungayino.cl, para asistir al matinal \u201cNuestra Casa\u201d, el d\u00eda jueves 16 de julio a las 10:00 horas lo que permitir\u00e1 a nuestro equipo dar a conocer en este importante Canal de televisi\u00f3n regional las distintas actividades culturales, deportivas, sociales y de turismo de nuestra Comuna y alrededores. Esta grata invitaci\u00f3n nos motiva a seguir trabajando para dar a conocer a\u00fan m\u00e1s Yungay.<br \/>\n<a href=\"http:\/\/www.yungayino.cl\/noticias\/?p=1445#comments\">Comente Aqu\u00ed<\/a><br \/>\n<a href=\"http:\/\/www.yungayino.cl\/noticias\/?p=680\">Invitaci\u00f3n Anterior<\/a><\/font><\/p>\n","protected":false},"excerpt":{"rendered":"<p>Canal 9 Regional realiz\u00f3 una nueva invitaci\u00f3n al Equipo Yungayino.cl, para asistir al matinal \u201cNuestra Casa\u201d, el d\u00eda jueves 16 de julio a las 10:00 horas lo que permitir\u00e1 a nuestro equipo dar a&#46;&#46;&#46;<\/p>\n","protected":false},"author":2,"featured_media":15045,"comment_status":"open","ping_status":"open","sticky":false,"template":"","format":"standard","meta":{"footnotes":""},"categories":[1],"tags":[1115,8,6],"class_list":["post-1445","post","type-post","status-publish","format-standard","has-post-thumbnail","hentry","category-noticias","tag-noticias","tag-yungay","tag-yungayino"],"_links":{"self":[{"href":"https:\/\/www.yungayino.cl\/noticias\/index.php?rest_route=\/wp\/v2\/posts\/1445","targetHints":{"allow":["GET"]}}],"collection":[{"href":"https:\/\/www.yungayino.cl\/noticias\/index.php?rest_route=\/wp\/v2\/posts"}],"about":[{"href":"https:\/\/www.yungayino.cl\/noticias\/index.php?rest_route=\/wp\/v2\/types\/post"}],"author":[{"embeddable":true,"href":"https:\/\/www.yungayino.cl\/noticias\/index.php?rest_route=\/wp\/v2\/users\/2"}],"replies":[{"embeddable":true,"href":"https:\/\/www.yungayino.cl\/noticias\/index.php?rest_route=%2Fwp%2Fv2%2Fcomments&post=1445"}],"version-history":[{"count":4,"href":"https:\/\/www.yungayino.cl\/noticias\/index.php?rest_route=\/wp\/v2\/posts\/1445\/revisions"}],"predecessor-version":[{"id":1449,"href":"https:\/\/www.yungayino.cl\/noticias\/index.php?rest_route=\/wp\/v2\/posts\/1445\/revisions\/1449"}],"wp:featuredmedia":[{"embeddable":true,"href":"https:\/\/www.yungayino.cl\/noticias\/index.php?rest_route=\/wp\/v2\/media\/15045"}],"wp:attachment":[{"href":"https:\/\/www.yungayino.cl\/noticias\/index.php?rest_route=%2Fwp%2Fv2%2Fmedia&parent=1445"}],"wp:term":[{"taxonomy":"category","embeddable":true,"href":"https:\/\/www.yungayino.cl\/noticias\/index.php?rest_route=%2Fwp%2Fv2%2Fcategories&post=1445"},{"taxonomy":"post_tag","embeddable":true,"href":"https:\/\/www.yungayino.cl\/noticias\/index.php?rest_route=%2Fwp%2Fv2%2Ftags&post=1445"}],"curies":[{"name":"wp","href":"https:\/\/api.w.org\/{rel}","templated":true}]}}