{"id":14462,"date":"2016-02-15T10:00:04","date_gmt":"2016-02-15T13:00:04","guid":{"rendered":"http:\/\/www.yungayino.cl\/noticias\/?p=14462"},"modified":"2016-02-15T15:09:48","modified_gmt":"2016-02-15T18:09:48","slug":"noche-de-cierre-en-xiv-feria-costumbrista-de-yungay","status":"publish","type":"post","link":"https:\/\/www.yungayino.cl\/noticias\/?p=14462","title":{"rendered":"Noche de cierre en XIV Feria Costumbrista de Yungay"},"content":{"rendered":"<p style=\"text-align: justify;\">Yungay, lunes 15 de enero 2016: Ayer domingo 14 se vivi\u00f3 la \u00faltima noche de show de la XIV Feria Costumbrista de nuestra comuna, la encargada de la animaci\u00f3n como todas las noches anteriores estuvo a cargo de la se\u00f1ora Yeanette Navarrete, quien en la ocasi\u00f3n y de manos del Alcalde Pedro Inostroza, recibi\u00f3 un obsequio en reconocimiento por su destacada participaci\u00f3n en las ferias realizadas cada a\u00f1o en Yungay.<br \/>\nTambi\u00e9n El Club de Rodeo Chileno de Yungay, entreg\u00f3 un reconocimiento al Alcalde Pedro Inostroza, por su destacado e incondicional apoyo al deporte nacional, las tradiciones y la Comuna.<\/p>\n<p style=\"text-align: justify;\">\n<div id=\"fb-root\"><\/div>\n<p><script>(function(d, s, id) {  var js, fjs = d.getElementsByTagName(s)[0];  if (d.getElementById(id)) return;  js = d.createElement(s); js.id = id;  js.src = \"\/\/connect.facebook.net\/es_LA\/sdk.js#xfbml=1&version=v2.3\";  fjs.parentNode.insertBefore(js, fjs);}(document, 'script', 'facebook-jssdk'));<\/script><\/p>\n<div class=\"fb-post\" data-href=\"https:\/\/www.facebook.com\/media\/set\/?set=a.1231013056913731.1073742758.159561284058919&amp;type=3\" data-width=\"500\">\n<div class=\"fb-xfbml-parse-ignore\">\n<blockquote cite=\"https:\/\/www.facebook.com\/media\/set\/?set=a.1231013056913731.1073742758.159561284058919&amp;type=3\">\n<p>YUNGAYINO.CL&gt; M&#xc1;S INFORMACI&#xd3;N EN:&gt; FOTOGRAF&#xcd;AS:https:\/\/www.facebook.com\/media\/set\/?set=a.1231013056913731.1073742758.159561284058919&amp;type=1&amp;l=1eacec6efc<\/p>\n<p>Posted by <a href=\"https:\/\/www.facebook.com\/Yungayinocl-159561284058919\/\">Yungayino.cl<\/a> on&nbsp;<a href=\"https:\/\/www.facebook.com\/media\/set\/?set=a.1231013056913731.1073742758.159561284058919&amp;type=3\">lunes, 15 de febrero de 2016<\/a><\/p><\/blockquote>\n<\/div>\n<\/div>\n<p style=\"text-align: justify;\">Los Huasos de Algarrobal:<br \/>\nSon un grupo de m\u00fasica folcl\u00f3rica chilena. Naci\u00f3 entre un grupo de amigos con el objetivo de participar en un festival en la playa de Algarrobo, ubicada en el litoral central de Chile. Hoy est\u00e1n cumpliendo 50 a\u00f1os, y en su destacada trayectoria, se han presentado en muchos escenarios nacionales e internacionales.<br \/>\nHoy por hoy han pasado a formar parte de un sitial de honor entre los grandes grupos de la canci\u00f3n chilena y se mantienen vigentes gracias a su profesionalismo, su calidad vocal, su inconfundible estilo y un repertorio que alterna sus propias creaciones con temas inmortales de la canci\u00f3n chilena.<\/p>\n<p style=\"text-align: justify;\">BAFCOR:<br \/>\nEl Ballet Folcl\u00f3rico de Coronel, nace el a\u00f1o 2006, es una instituci\u00f3n cultural dedicada a preservar, investigar y difundir, las costumbres y vivencias por medio de la danza y la m\u00fasica, de las diferentes zonas de nuestro pa\u00eds y del folclor latinoamericano.<br \/>\nEn su direcci\u00f3n: Jimena Molina Pedrero Director General, Felipe Toro Director Art\u00edstico y Rosa Villalobos Directora Musical. Cuentan con una gran trayectoria y son quienes forman de manera integra a la agrupaci\u00f3n, para mostrar la riqueza cultural de Chile y de Latinoam\u00e9rica a nivel Nacional e Internacional, participando en diversas giras, festivales y encuentros de folclor en Colombia, Paraguay, Per\u00fa Ecuador y Argentina.<\/p>\n<p style=\"text-align: justify;\">ENTRE VI\u00d1AS Y CHAMANTOS:<br \/>\nAgrupaci\u00f3n Folcl\u00f3rica que nace el a\u00f1o 2012, en la comuna de Potezuelo, est\u00e1 conformada por un grupo de j\u00f3venes y adultos, amantes del folclor y sus tradiciones, en su corta trayectoria han presentado bailes de la zona norte, centro y sur del pa\u00eds con su cuadro denominado \u201cCHILE, AMIGOS DE LA DANZA\u201d y actualmente, trabajan en sus pr\u00f3ximos proyectos \u201cDANZA HERMANO LATINOAMERICANO\u00bb y \u201cQUE VIVA LA CHINGANA\u201d.<\/p>\n<p style=\"text-align: justify;\">[su_button url=\u00bbhttps:\/\/www.facebook.com\/media\/set\/?set=a.1231013056913731.1073742758.159561284058919&amp;type=1&amp;l=1eacec6efc\u00bb target=\u00bbblank\u00bb size=\u00bb7&#8243; radius=\u00bbround\u00bb icon=\u00bbicon: facebook-square\u00bb]FOTOGRAF\u00cdAS &#8211; Noche de cierre en XIV Feria Costumbrista de Yungay[\/su_button]<\/p>\n","protected":false},"excerpt":{"rendered":"<p>Yungay, lunes 15 de enero 2016: Ayer domingo 14 se vivi\u00f3 la \u00faltima noche de show de la XIV Feria Costumbrista de nuestra comuna, la encargada de la animaci\u00f3n como todas las noches anteriores&#46;&#46;&#46;<\/p>\n","protected":false},"author":2,"featured_media":14463,"comment_status":"open","ping_status":"open","sticky":false,"template":"","format":"standard","meta":{"footnotes":""},"categories":[5,1],"tags":[1288,1289,24,1287,1115,1266,1290,8,6,117],"class_list":["post-14462","post","type-post","status-publish","format-standard","has-post-thumbnail","hentry","category-eventos","category-noticias","tag-bafcor","tag-entre-vinas-y-chamantos","tag-feria-costumbrista","tag-los-huasos-de-algarrobal","tag-noticias","tag-xiv-feria-costumbrista","tag-yeanette-navarrete","tag-yungay","tag-yungayino","tag-yungayinocl"],"_links":{"self":[{"href":"https:\/\/www.yungayino.cl\/noticias\/index.php?rest_route=\/wp\/v2\/posts\/14462","targetHints":{"allow":["GET"]}}],"collection":[{"href":"https:\/\/www.yungayino.cl\/noticias\/index.php?rest_route=\/wp\/v2\/posts"}],"about":[{"href":"https:\/\/www.yungayino.cl\/noticias\/index.php?rest_route=\/wp\/v2\/types\/post"}],"author":[{"embeddable":true,"href":"https:\/\/www.yungayino.cl\/noticias\/index.php?rest_route=\/wp\/v2\/users\/2"}],"replies":[{"embeddable":true,"href":"https:\/\/www.yungayino.cl\/noticias\/index.php?rest_route=%2Fwp%2Fv2%2Fcomments&post=14462"}],"version-history":[{"count":1,"href":"https:\/\/www.yungayino.cl\/noticias\/index.php?rest_route=\/wp\/v2\/posts\/14462\/revisions"}],"predecessor-version":[{"id":14464,"href":"https:\/\/www.yungayino.cl\/noticias\/index.php?rest_route=\/wp\/v2\/posts\/14462\/revisions\/14464"}],"wp:featuredmedia":[{"embeddable":true,"href":"https:\/\/www.yungayino.cl\/noticias\/index.php?rest_route=\/wp\/v2\/media\/14463"}],"wp:attachment":[{"href":"https:\/\/www.yungayino.cl\/noticias\/index.php?rest_route=%2Fwp%2Fv2%2Fmedia&parent=14462"}],"wp:term":[{"taxonomy":"category","embeddable":true,"href":"https:\/\/www.yungayino.cl\/noticias\/index.php?rest_route=%2Fwp%2Fv2%2Fcategories&post=14462"},{"taxonomy":"post_tag","embeddable":true,"href":"https:\/\/www.yungayino.cl\/noticias\/index.php?rest_route=%2Fwp%2Fv2%2Ftags&post=14462"}],"curies":[{"name":"wp","href":"https:\/\/api.w.org\/{rel}","templated":true}]}}