{"id":14471,"date":"2016-02-22T10:00:55","date_gmt":"2016-02-22T13:00:55","guid":{"rendered":"http:\/\/www.yungayino.cl\/noticias\/?p=14471"},"modified":"2016-02-22T14:52:47","modified_gmt":"2016-02-22T17:52:47","slug":"ceremonia-de-ascenso-de-carabineros-de-la-cuarta-comisaria-de-yungay","status":"publish","type":"post","link":"https:\/\/www.yungayino.cl\/noticias\/?p=14471","title":{"rendered":"Ceremonia de Ascenso de Carabineros de la Cuarta Comisar\u00eda de Yungay"},"content":{"rendered":"<p style=\"text-align: justify;\">Yungay. Lunes 22 de Febrero 2016: En las dependencias de la Cuarta Comisar\u00eda de Carabineros se llev\u00f3 a cabo el pasado jueves la ceremonia de ascenso de seis funcionarios de la instituci\u00f3n como m\u00e9rito de sus esfuerzos profesionales llena de sacrificios y superaci\u00f3n personal, el cual es entregado por el alto mando institucional y as\u00ed obtener un grado superior.<\/p>\n<p style=\"text-align: justify;\">\n<div id=\"fb-root\"><\/div>\n<p><script>(function(d, s, id) {  var js, fjs = d.getElementsByTagName(s)[0];  if (d.getElementById(id)) return;  js = d.createElement(s); js.id = id;  js.src = \"\/\/connect.facebook.net\/es_LA\/sdk.js#xfbml=1&version=v2.3\";  fjs.parentNode.insertBefore(js, fjs);}(document, 'script', 'facebook-jssdk'));<\/script><\/p>\n<div class=\"fb-post\" data-href=\"https:\/\/www.facebook.com\/media\/set\/?set=a.1235495543132149.1073742760.159561284058919&amp;type=3\" data-width=\"500\">\n<div class=\"fb-xfbml-parse-ignore\">\n<blockquote cite=\"https:\/\/www.facebook.com\/media\/set\/?set=a.1235495543132149.1073742760.159561284058919&amp;type=3\">\n<p>YUNGAYINO.CLCeremonia de Ascenso de Carabineros de la Cuarta Comisar&#xed;a de Yungay&gt; M&#xc1;S INFORMACI&#xd3;N EN:&gt; FOTOGRAF&#xcd;&#8230;<\/p>\n<p>Posted by <a href=\"https:\/\/www.facebook.com\/Yungayinocl-159561284058919\/\">Yungayino.cl<\/a> on&nbsp;<a href=\"https:\/\/www.facebook.com\/media\/set\/?set=a.1235495543132149.1073742760.159561284058919&amp;type=3\">lunes, 22 de febrero de 2016<\/a><\/p><\/blockquote>\n<\/div>\n<\/div>\n<p style=\"text-align: justify;\">\nLa ceremonia la inicio el Subteniente Sr. Juan Fredes Gonz\u00e1lez, qui\u00e9n procedi\u00f3 a rendir honores de reglamento al Sr. Comisario Subrogante de la Unidad Capit\u00e1n Don Guillermo Moraga Lippians.<br \/>\nEn la ocasi\u00f3n los Carabineros fueron investidos con su nuevo grado coloc\u00e1ndoles en sus hombros los nuevos s\u00edmbolos acompa\u00f1ados por sus familiares.<br \/>\nFinalmente destacar que en la ceremonia estuvo presente el alcalde, Pedro Inostroza Valenzuela, el Presidente del C\u00edrculo de Alguaciles de la Cuarta Comisaria de Yungay, Alguacil Mayor Don Eduardo S\u00e1nchez, familiares de los ascendidos y funcionarios de la Instituci\u00f3n, quienes felicitaron a los Carabineros ascendidos, y para finalizar esta ceremonia compartieron un coctel.<\/p>\n<p style=\"text-align: justify;\">[su_button url=\u00bbhttps:\/\/www.facebook.com\/media\/set\/?set=a.1235495543132149.1073742760.159561284058919&amp;type=1&amp;l=33c964e1a1&#8243; target=\u00bbblank\u00bb size=\u00bb7&#8243; radius=\u00bbround\u00bb icon=\u00bbicon: facebook-square\u00bb]FOTOGRAF\u00cdAS &#8211; Ceremonia de Ascenso de Carabineros de la Cuarta Comisar\u00eda de Yungay[\/su_button]<\/p>\n","protected":false},"excerpt":{"rendered":"<p>Yungay. Lunes 22 de Febrero 2016: En las dependencias de la Cuarta Comisar\u00eda de Carabineros se llev\u00f3 a cabo el pasado jueves la ceremonia de ascenso de seis funcionarios de la instituci\u00f3n como m\u00e9rito&#46;&#46;&#46;<\/p>\n","protected":false},"author":2,"featured_media":14472,"comment_status":"open","ping_status":"open","sticky":false,"template":"","format":"standard","meta":{"footnotes":""},"categories":[3,1],"tags":[1293,25,1115,8,6,117],"class_list":["post-14471","post","type-post","status-publish","format-standard","has-post-thumbnail","hentry","category-actualidad","category-noticias","tag-ascenso","tag-carabineros","tag-noticias","tag-yungay","tag-yungayino","tag-yungayinocl"],"_links":{"self":[{"href":"https:\/\/www.yungayino.cl\/noticias\/index.php?rest_route=\/wp\/v2\/posts\/14471","targetHints":{"allow":["GET"]}}],"collection":[{"href":"https:\/\/www.yungayino.cl\/noticias\/index.php?rest_route=\/wp\/v2\/posts"}],"about":[{"href":"https:\/\/www.yungayino.cl\/noticias\/index.php?rest_route=\/wp\/v2\/types\/post"}],"author":[{"embeddable":true,"href":"https:\/\/www.yungayino.cl\/noticias\/index.php?rest_route=\/wp\/v2\/users\/2"}],"replies":[{"embeddable":true,"href":"https:\/\/www.yungayino.cl\/noticias\/index.php?rest_route=%2Fwp%2Fv2%2Fcomments&post=14471"}],"version-history":[{"count":1,"href":"https:\/\/www.yungayino.cl\/noticias\/index.php?rest_route=\/wp\/v2\/posts\/14471\/revisions"}],"predecessor-version":[{"id":14474,"href":"https:\/\/www.yungayino.cl\/noticias\/index.php?rest_route=\/wp\/v2\/posts\/14471\/revisions\/14474"}],"wp:featuredmedia":[{"embeddable":true,"href":"https:\/\/www.yungayino.cl\/noticias\/index.php?rest_route=\/wp\/v2\/media\/14472"}],"wp:attachment":[{"href":"https:\/\/www.yungayino.cl\/noticias\/index.php?rest_route=%2Fwp%2Fv2%2Fmedia&parent=14471"}],"wp:term":[{"taxonomy":"category","embeddable":true,"href":"https:\/\/www.yungayino.cl\/noticias\/index.php?rest_route=%2Fwp%2Fv2%2Fcategories&post=14471"},{"taxonomy":"post_tag","embeddable":true,"href":"https:\/\/www.yungayino.cl\/noticias\/index.php?rest_route=%2Fwp%2Fv2%2Ftags&post=14471"}],"curies":[{"name":"wp","href":"https:\/\/api.w.org\/{rel}","templated":true}]}}