{"id":14475,"date":"2016-02-22T12:00:31","date_gmt":"2016-02-22T15:00:31","guid":{"rendered":"http:\/\/www.yungayino.cl\/noticias\/?p=14475"},"modified":"2016-02-22T14:58:17","modified_gmt":"2016-02-22T17:58:17","slug":"ceremonia-de-cierre-programa-centros-para-ninos-as-con-cuidadores-principales-temporeras-os-se-realizo-en-yungay","status":"publish","type":"post","link":"https:\/\/www.yungayino.cl\/noticias\/?p=14475","title":{"rendered":"Ceremonia de Cierre Programa Centros para ni\u00f1os (as) con Cuidadores Principales Temporeras (os) se Realiz\u00f3 en Yungay"},"content":{"rendered":"<p style=\"text-align: justify;\">Yungay. Lunes 22 de febrero 2016: En el Auditorio de la Biblioteca P\u00fablica el pasado viernes 19 de febrero se llev\u00f3 a cabo la Ceremonia de Cierre Programa Centros para hijos (as) de Mujeres Trabajadoras de Campanario y Yungay.<br \/>\nSe\u00f1alar que la Ilustre Municipalidad de Yungay a trav\u00e9s del Departamento de Desarrollo Comunitario implemento al igual que a\u00f1os anteriores este programa, que nace del convenio entre diversas instituciones p\u00fablicas como el Ministerio de Desarrollo Social, Instituto Nacional de Deporte y JUNAEB con la finalidad de contribuir al cuidado, entretenci\u00f3n, protecci\u00f3n y recreaci\u00f3n de ni\u00f1os y ni\u00f1as, para que sus cuidadores ya sean madres, padres o tutores que se dedican principalmente a las actividades de recolecci\u00f3n, puedan trabajar adecuadamente.<\/p>\n<p style=\"text-align: justify;\">\n<div id=\"fb-root\"><\/div>\n<p><script>(function(d, s, id) {  var js, fjs = d.getElementsByTagName(s)[0];  if (d.getElementById(id)) return;  js = d.createElement(s); js.id = id;  js.src = \"\/\/connect.facebook.net\/es_LA\/sdk.js#xfbml=1&version=v2.3\";  fjs.parentNode.insertBefore(js, fjs);}(document, 'script', 'facebook-jssdk'));<\/script><\/p>\n<div class=\"fb-post\" data-href=\"https:\/\/www.facebook.com\/media\/set\/?set=a.1235504343131269.1073742761.159561284058919&amp;type=3\" data-width=\"500\">\n<div class=\"fb-xfbml-parse-ignore\">\n<blockquote cite=\"https:\/\/www.facebook.com\/media\/set\/?set=a.1235504343131269.1073742761.159561284058919&amp;type=3\">\n<p>YUNGAYINO.CLCeremonia de Cierre Programa Centros para ni&#xf1;os (as) con Cuidadores Principales Temporeras (os) se Realiz&#xf3;&#8230;<\/p>\n<p>Posted by <a href=\"https:\/\/www.facebook.com\/Yungayinocl-159561284058919\/\">Yungayino.cl<\/a> on&nbsp;<a href=\"https:\/\/www.facebook.com\/media\/set\/?set=a.1235504343131269.1073742761.159561284058919&amp;type=3\">lunes, 22 de febrero de 2016<\/a><\/p><\/blockquote>\n<\/div>\n<\/div>\n<p style=\"text-align: justify;\">\nDurante la ceremonia adem\u00e1s se hizo entrega de est\u00edmulos a todos los alumnos y tambi\u00e9n a los ni\u00f1os que se destacaron, adem\u00e1s los ni\u00f1os realizaron bailes, coreograf\u00edas y obra de teatro.<br \/>\nMencionar que a la ceremonia se hicieron presente el alcalde Pedro Inostroza Valenzuela, se\u00f1ora Tania Jorquera de Dideco, se\u00f1or Camilo Benavente Director Regional IND Biob\u00edo, Concejala Ang\u00e9lica Cabezas y el Representante de Seremi Ministerio Desarrollo Social Biob\u00edo se\u00f1or V\u00edctor Silva, adem\u00e1s de familiares e invitados especiales.<br \/>\nC\u00e1terin Acu\u00f1a Sandoval, Asistente Social del Municipio Yungayino se\u00f1alo al Equipo del Portal Yungayino.cl que se cumplieron los objetivos del programa que eran los siguientes:<br \/>\n\u2022 Entregar una alternativa de apoyo a los cuidadores de ni\u00f1os y ni\u00f1as que se desempe\u00f1an en trabajo agr\u00edcola durante la temporada estival a\u00f1o 2016, entregar apoyo al desarrollo y protecci\u00f3n de la infancia, previniendo y disminuyendo la exposici\u00f3n a situaciones de riesgo que ocurren cuando los ni\u00f1os y ni\u00f1as quedan sin cuidado de un adulto responsable.<br \/>\n\u2022 Facilitar el trabajo de los cuidadores, madres, padres o tutores temporeros, a trav\u00e9s del cuidado de sus ni\u00f1os y ni\u00f1as.<br \/>\n\u2022 Aportar un servicio de cuidado infantil de calidad para ni\u00f1os y ni\u00f1as de cuidadores temporeros, en el horario de trabajo y per\u00edodo de vacaciones escolares.<\/p>\n<p style=\"text-align: justify;\">Finalmente terminada la ceremonia los asistentes compartieron un coctel, donde adem\u00e1s pudieron apreciar los trabajos realizado por los ni\u00f1os durante este periodo.<\/p>\n<p style=\"text-align: justify;\">\n[su_button url=\u00bbhttps:\/\/www.facebook.com\/media\/set\/?set=a.1235504343131269.1073742761.159561284058919&amp;type=1&amp;l=18275d742b\u00bb target=\u00bbblank\u00bb size=\u00bb7&#8243; radius=\u00bbround\u00bb icon=\u00bbicon: facebook-square\u00bb]FOTOGRAF\u00cdAS &#8211; Ceremonia de Cierre Programa Centros para ni\u00f1os (as) con Cuidadores Principales Temporeras (os) se Realiz\u00f3 en Yungay[\/su_button]<\/p>\n","protected":false},"excerpt":{"rendered":"<p>Yungay. Lunes 22 de febrero 2016: En el Auditorio de la Biblioteca P\u00fablica el pasado viernes 19 de febrero se llev\u00f3 a cabo la Ceremonia de Cierre Programa Centros para hijos (as) de Mujeres&#46;&#46;&#46;<\/p>\n","protected":false},"author":2,"featured_media":14473,"comment_status":"open","ping_status":"open","sticky":false,"template":"","format":"standard","meta":{"footnotes":""},"categories":[1],"tags":[1294,1115,8,6,117],"class_list":["post-14475","post","type-post","status-publish","format-standard","has-post-thumbnail","hentry","category-noticias","tag-cierre-escuela-de-verano","tag-noticias","tag-yungay","tag-yungayino","tag-yungayinocl"],"_links":{"self":[{"href":"https:\/\/www.yungayino.cl\/noticias\/index.php?rest_route=\/wp\/v2\/posts\/14475","targetHints":{"allow":["GET"]}}],"collection":[{"href":"https:\/\/www.yungayino.cl\/noticias\/index.php?rest_route=\/wp\/v2\/posts"}],"about":[{"href":"https:\/\/www.yungayino.cl\/noticias\/index.php?rest_route=\/wp\/v2\/types\/post"}],"author":[{"embeddable":true,"href":"https:\/\/www.yungayino.cl\/noticias\/index.php?rest_route=\/wp\/v2\/users\/2"}],"replies":[{"embeddable":true,"href":"https:\/\/www.yungayino.cl\/noticias\/index.php?rest_route=%2Fwp%2Fv2%2Fcomments&post=14475"}],"version-history":[{"count":1,"href":"https:\/\/www.yungayino.cl\/noticias\/index.php?rest_route=\/wp\/v2\/posts\/14475\/revisions"}],"predecessor-version":[{"id":14476,"href":"https:\/\/www.yungayino.cl\/noticias\/index.php?rest_route=\/wp\/v2\/posts\/14475\/revisions\/14476"}],"wp:featuredmedia":[{"embeddable":true,"href":"https:\/\/www.yungayino.cl\/noticias\/index.php?rest_route=\/wp\/v2\/media\/14473"}],"wp:attachment":[{"href":"https:\/\/www.yungayino.cl\/noticias\/index.php?rest_route=%2Fwp%2Fv2%2Fmedia&parent=14475"}],"wp:term":[{"taxonomy":"category","embeddable":true,"href":"https:\/\/www.yungayino.cl\/noticias\/index.php?rest_route=%2Fwp%2Fv2%2Fcategories&post=14475"},{"taxonomy":"post_tag","embeddable":true,"href":"https:\/\/www.yungayino.cl\/noticias\/index.php?rest_route=%2Fwp%2Fv2%2Ftags&post=14475"}],"curies":[{"name":"wp","href":"https:\/\/api.w.org\/{rel}","templated":true}]}}