{"id":14477,"date":"2016-02-24T10:00:46","date_gmt":"2016-02-24T13:00:46","guid":{"rendered":"http:\/\/www.yungayino.cl\/noticias\/?p=14477"},"modified":"2016-02-24T23:25:16","modified_gmt":"2016-02-25T02:25:16","slug":"vecinos-del-roble-y-la-palma-finalizaron-con-gran-baile-las-actividades-del-verano-en-la-semana-roblina-2016","status":"publish","type":"post","link":"https:\/\/www.yungayino.cl\/noticias\/?p=14477","title":{"rendered":"Vecinos del Roble y La Palma Finalizaron con Gran Baile las Actividades del Verano en la \u201cSemana Roblina 2016\u201d"},"content":{"rendered":"<p style=\"text-align: justify;\">Yungay: Con gran alegr\u00eda y entusiasmo los Vecinos del Sector El Roble-La Palma, finalizaron la tradicional \u201cSemana Roblina 2016\u201d, organizada por la Junta de Vecinos y la cual conto con el auspicio de la Ilustre Municipalidad de Yungay.<\/p>\n<p style=\"text-align: justify;\">\n<div id=\"fb-root\"><\/div>\n<p><script>(function(d, s, id) {  var js, fjs = d.getElementsByTagName(s)[0];  if (d.getElementById(id)) return;  js = d.createElement(s); js.id = id;  js.src = \"\/\/connect.facebook.net\/es_LA\/sdk.js#xfbml=1&version=v2.3\";  fjs.parentNode.insertBefore(js, fjs);}(document, 'script', 'facebook-jssdk'));<\/script><\/p>\n<div class=\"fb-post\" data-href=\"https:\/\/www.facebook.com\/media\/set\/?set=a.1237131699635200.1073742762.159561284058919&amp;type=3\" data-width=\"500\">\n<div class=\"fb-xfbml-parse-ignore\">\n<blockquote cite=\"https:\/\/www.facebook.com\/media\/set\/?set=a.1237131699635200.1073742762.159561284058919&amp;type=3\">\n<p>YUNGAYINO.CLVecinos del Roble y La Palma Finalizaron con Gran Baile las Actividades del Verano en la &#x201c;Semana Roblina&#8230;<\/p>\n<p>Posted by <a href=\"https:\/\/www.facebook.com\/Yungayinocl-159561284058919\/\">Yungayino.cl<\/a> on&nbsp;<a href=\"https:\/\/www.facebook.com\/media\/set\/?set=a.1237131699635200.1073742762.159561284058919&amp;type=3\">mi\u00e9rcoles, 24 de febrero de 2016<\/a><\/p><\/blockquote>\n<\/div>\n<\/div>\n<p style=\"text-align: justify;\">Despu\u00e9s de cuatro d\u00edas de show la semana concluyo con la m\u00fasica ranchera el pasado viernes 19, donde participaron \u201cLos Diablitos del Sur\u201d y \u201cLos S\u00faper Charros\u201d quienes con su alegre m\u00fasica y ritmo ranchero deleitaron a los presentes. Tambi\u00e9n durante esa jornada se realiz\u00f3 una presentaci\u00f3n art\u00edstica con baile y m\u00fasica \u00e1rabe, con la presentaci\u00f3n de Rayzel.<br \/>\nFinalmente destacar que la Semana Roblina 2016 en su Versi\u00f3n N\u00b036, cont\u00f3 con una excelente iluminaci\u00f3n y sonido a cargo de la compa\u00f1\u00eda \u201cLuces y Estrellas\u201d y que la animaci\u00f3n estuvo a cargo de la se\u00f1ora Yeanette Navarrete y el Sr. Juan L\u00f3pez y que la \u00faltima jornada cerro con un Gran Baile el s\u00e1bado 20, el cual conto con la participaci\u00f3n del Grupo nuevo Hechizo de Felipe Caballero, d\u00f3nde al igual que durante toda la semana se cont\u00f3 con un muy buena asistencia de p\u00fablico.<\/p>\n<p style=\"text-align: justify;\">[su_button url=\u00bbhttps:\/\/www.facebook.com\/media\/set\/?set=a.1237131699635200.1073742762.159561284058919&amp;type=1&amp;l=6a670a5e1e\u00bb target=\u00bbblank\u00bb size=\u00bb7&#8243; radius=\u00bbround\u00bb icon=\u00bbicon: facebook-square\u00bb]FOTOGRAF\u00cdAS &#8211; Vecinos del Roble y La Palma Finalizaron con Gran Baile las Actividades del Verano en la \u201cSemana Roblina 2016\u201d[\/su_button]<\/p>\n","protected":false},"excerpt":{"rendered":"<p>Yungay: Con gran alegr\u00eda y entusiasmo los Vecinos del Sector El Roble-La Palma, finalizaron la tradicional \u201cSemana Roblina 2016\u201d, organizada por la Junta de Vecinos y la cual conto con el auspicio de la&#46;&#46;&#46;<\/p>\n","protected":false},"author":2,"featured_media":14480,"comment_status":"open","ping_status":"open","sticky":false,"template":"","format":"standard","meta":{"footnotes":""},"categories":[5,1],"tags":[1291,1117,1292,1115,1295,8,6,117],"class_list":["post-14477","post","type-post","status-publish","format-standard","has-post-thumbnail","hentry","category-eventos","category-noticias","tag-el-roble","tag-eventos","tag-la-palma","tag-noticias","tag-semana-roblina-2016","tag-yungay","tag-yungayino","tag-yungayinocl"],"_links":{"self":[{"href":"https:\/\/www.yungayino.cl\/noticias\/index.php?rest_route=\/wp\/v2\/posts\/14477","targetHints":{"allow":["GET"]}}],"collection":[{"href":"https:\/\/www.yungayino.cl\/noticias\/index.php?rest_route=\/wp\/v2\/posts"}],"about":[{"href":"https:\/\/www.yungayino.cl\/noticias\/index.php?rest_route=\/wp\/v2\/types\/post"}],"author":[{"embeddable":true,"href":"https:\/\/www.yungayino.cl\/noticias\/index.php?rest_route=\/wp\/v2\/users\/2"}],"replies":[{"embeddable":true,"href":"https:\/\/www.yungayino.cl\/noticias\/index.php?rest_route=%2Fwp%2Fv2%2Fcomments&post=14477"}],"version-history":[{"count":2,"href":"https:\/\/www.yungayino.cl\/noticias\/index.php?rest_route=\/wp\/v2\/posts\/14477\/revisions"}],"predecessor-version":[{"id":14482,"href":"https:\/\/www.yungayino.cl\/noticias\/index.php?rest_route=\/wp\/v2\/posts\/14477\/revisions\/14482"}],"wp:featuredmedia":[{"embeddable":true,"href":"https:\/\/www.yungayino.cl\/noticias\/index.php?rest_route=\/wp\/v2\/media\/14480"}],"wp:attachment":[{"href":"https:\/\/www.yungayino.cl\/noticias\/index.php?rest_route=%2Fwp%2Fv2%2Fmedia&parent=14477"}],"wp:term":[{"taxonomy":"category","embeddable":true,"href":"https:\/\/www.yungayino.cl\/noticias\/index.php?rest_route=%2Fwp%2Fv2%2Fcategories&post=14477"},{"taxonomy":"post_tag","embeddable":true,"href":"https:\/\/www.yungayino.cl\/noticias\/index.php?rest_route=%2Fwp%2Fv2%2Ftags&post=14477"}],"curies":[{"name":"wp","href":"https:\/\/api.w.org\/{rel}","templated":true}]}}