{"id":14483,"date":"2016-02-24T12:00:35","date_gmt":"2016-02-24T15:00:35","guid":{"rendered":"http:\/\/www.yungayino.cl\/noticias\/?p=14483"},"modified":"2016-02-24T23:53:28","modified_gmt":"2016-02-25T02:53:28","slug":"constituyen-comision-comunal-para-precenso-y-censo-2017-en-yungay","status":"publish","type":"post","link":"https:\/\/www.yungayino.cl\/noticias\/?p=14483","title":{"rendered":"Constituyen Comisi\u00f3n Comunal para Precenso y Censo 2017 en Yungay"},"content":{"rendered":"<p style=\"text-align: justify;\">Yungay, mi\u00e9rcoles 24 de febrero 2016: En las dependencias del Auditorio de la Biblioteca P\u00fablica de nuestra comuna se llev\u00f3 a cabo este lunes 22 de febrero la Constituci\u00f3n de la Comisi\u00f3n Comunal del Precenso y Censo 2017 para Yungay, la cual est\u00e1 presidida por el alcalde Pedro Inostroza Valenzuela.<\/p>\n<p style=\"text-align: justify;\">\n<div id=\"fb-root\"><\/div>\n<p><script>(function(d, s, id) {  var js, fjs = d.getElementsByTagName(s)[0];  if (d.getElementById(id)) return;  js = d.createElement(s); js.id = id;  js.src = \"\/\/connect.facebook.net\/es_LA\/sdk.js#xfbml=1&version=v2.3\";  fjs.parentNode.insertBefore(js, fjs);}(document, 'script', 'facebook-jssdk'));<\/script><\/p>\n<div class=\"fb-post\" data-href=\"https:\/\/www.facebook.com\/media\/set\/?set=a.1237145206300516.1073742763.159561284058919&amp;type=3\" data-width=\"500\">\n<div class=\"fb-xfbml-parse-ignore\">\n<blockquote cite=\"https:\/\/www.facebook.com\/media\/set\/?set=a.1237145206300516.1073742763.159561284058919&amp;type=3\">\n<p>YUNGAYINO.CLConstituyen Comisi&#xf3;n Comunal para Precenso y Censo 2017 en Yungay &gt; M&#xc1;S INFORMACI&#xd3;N&#8230;<\/p>\n<p>Posted by <a href=\"https:\/\/www.facebook.com\/Yungayinocl-159561284058919\/\">Yungayino.cl<\/a> on&nbsp;<a href=\"https:\/\/www.facebook.com\/media\/set\/?set=a.1237145206300516.1073742763.159561284058919&amp;type=3\">mi\u00e9rcoles, 24 de febrero de 2016<\/a><\/p><\/blockquote>\n<\/div>\n<\/div>\n<p style=\"text-align: justify;\">La actividad conto con la presencia de la encargada provincial del INE en la provincia, M\u00f3nica Montes P\u00e9rez, los concejales Marco Cuevas y Ang\u00e9lica Cabezas, adem\u00e1s del Administrado Municipal, Alexis P\u00e9rez y Funcionarios Municipales.<br \/>\nM\u00f3nica Montes P\u00e9rez, se\u00f1alo al Equipo del Portal Yungayino.cl, que esta jornada estuvo enfocada en el Precenso que se llevara a cabo en nuestra comuna durante los meses de marzo y abril y donde se comprender\u00e1 exclusivamente tres preguntas generales, como son el n\u00famero de habitantes por familia, su distribuci\u00f3n en g\u00e9nero, y el lugar donde viven y sus caracter\u00edsticas.<br \/>\nFinalmente se\u00f1alo que todo este trabajo de Precenso es con miras al Censo que se realizar\u00e1 en el pa\u00eds el pr\u00f3ximo a\u00f1o espec\u00edficamente el mi\u00e9rcoles 19 de abril del 2017, donde el Instituto Nacional de Estad\u00edstica Provincial ya se encuentra trabajando en lo que ser\u00e1 el Precenso, que tendr\u00e1 la finalidad de ayudar con la carga de trabajo que tendr\u00e1n los encuestadores, por lo que conocer desde ya cu\u00e1ntos hogares hay con exactitud en la zona es de vital importancia.<\/p>\n<p style=\"text-align: justify;\">[su_button url=\u00bbhttps:\/\/www.facebook.com\/media\/set\/?set=a.1237145206300516.1073742763.159561284058919&amp;type=1&amp;l=2cd402f062&#8243; target=\u00bbblank\u00bb size=\u00bb7&#8243; radius=\u00bbround\u00bb icon=\u00bbicon: facebook-square\u00bb]FOTOGRAF\u00cdAS &#8211; Constituyen Comisi\u00f3n Comunal para Precenso y Censo 2017 en Yungay[\/su_button]<\/p>\n","protected":false},"excerpt":{"rendered":"<p>Yungay, mi\u00e9rcoles 24 de febrero 2016: En las dependencias del Auditorio de la Biblioteca P\u00fablica de nuestra comuna se llev\u00f3 a cabo este lunes 22 de febrero la Constituci\u00f3n de la Comisi\u00f3n Comunal del&#46;&#46;&#46;<\/p>\n","protected":false},"author":2,"featured_media":14479,"comment_status":"open","ping_status":"open","sticky":false,"template":"","format":"standard","meta":{"footnotes":""},"categories":[3,1],"tags":[370,1296,1115,409,8,6,117],"class_list":["post-14483","post","type-post","status-publish","format-standard","has-post-thumbnail","hentry","category-actualidad","category-noticias","tag-censo","tag-ine","tag-noticias","tag-precenso","tag-yungay","tag-yungayino","tag-yungayinocl"],"_links":{"self":[{"href":"https:\/\/www.yungayino.cl\/noticias\/index.php?rest_route=\/wp\/v2\/posts\/14483","targetHints":{"allow":["GET"]}}],"collection":[{"href":"https:\/\/www.yungayino.cl\/noticias\/index.php?rest_route=\/wp\/v2\/posts"}],"about":[{"href":"https:\/\/www.yungayino.cl\/noticias\/index.php?rest_route=\/wp\/v2\/types\/post"}],"author":[{"embeddable":true,"href":"https:\/\/www.yungayino.cl\/noticias\/index.php?rest_route=\/wp\/v2\/users\/2"}],"replies":[{"embeddable":true,"href":"https:\/\/www.yungayino.cl\/noticias\/index.php?rest_route=%2Fwp%2Fv2%2Fcomments&post=14483"}],"version-history":[{"count":3,"href":"https:\/\/www.yungayino.cl\/noticias\/index.php?rest_route=\/wp\/v2\/posts\/14483\/revisions"}],"predecessor-version":[{"id":14486,"href":"https:\/\/www.yungayino.cl\/noticias\/index.php?rest_route=\/wp\/v2\/posts\/14483\/revisions\/14486"}],"wp:featuredmedia":[{"embeddable":true,"href":"https:\/\/www.yungayino.cl\/noticias\/index.php?rest_route=\/wp\/v2\/media\/14479"}],"wp:attachment":[{"href":"https:\/\/www.yungayino.cl\/noticias\/index.php?rest_route=%2Fwp%2Fv2%2Fmedia&parent=14483"}],"wp:term":[{"taxonomy":"category","embeddable":true,"href":"https:\/\/www.yungayino.cl\/noticias\/index.php?rest_route=%2Fwp%2Fv2%2Fcategories&post=14483"},{"taxonomy":"post_tag","embeddable":true,"href":"https:\/\/www.yungayino.cl\/noticias\/index.php?rest_route=%2Fwp%2Fv2%2Ftags&post=14483"}],"curies":[{"name":"wp","href":"https:\/\/api.w.org\/{rel}","templated":true}]}}