{"id":14493,"date":"2016-02-26T15:00:19","date_gmt":"2016-02-26T18:00:19","guid":{"rendered":"http:\/\/www.yungayino.cl\/noticias\/?p=14493"},"modified":"2016-02-26T19:00:13","modified_gmt":"2016-02-26T22:00:13","slug":"carabineros-de-yungay-realizo-fiscalizacion-y-certificacion-de-transporte-escolar-seguro","status":"publish","type":"post","link":"https:\/\/www.yungayino.cl\/noticias\/?p=14493","title":{"rendered":"Carabineros de Yungay Realizo Fiscalizaci\u00f3n y Certificaci\u00f3n de \u201cTransporte Escolar Seguro\u201d"},"content":{"rendered":"<p style=\"text-align: justify;\">Yungay, viernes 26 de febrero 2016: Con el prop\u00f3sito de verificar que el transporte escolar cumpla con la normativa, Carabineros de la Cuarta Comisar\u00eda de Yungay liderada por el Suboficial Juan Carlos Espinoza, Encargado de la Oficina de Asuntos Comunitarios y el Alcalde (S) Alexis P\u00e9rez realizaron una fiscalizaci\u00f3n y certificaci\u00f3n.<\/p>\n<p style=\"text-align: justify;\">\n<div id=\"fb-root\"><\/div>\n<p><script>(function(d, s, id) {  var js, fjs = d.getElementsByTagName(s)[0];  if (d.getElementById(id)) return;  js = d.createElement(s); js.id = id;  js.src = \"\/\/connect.facebook.net\/es_LA\/sdk.js#xfbml=1&version=v2.3\";  fjs.parentNode.insertBefore(js, fjs);}(document, 'script', 'facebook-jssdk'));<\/script><\/p>\n<div class=\"fb-post\" data-href=\"https:\/\/www.facebook.com\/media\/set\/?set=a.1238347672846936.1073742765.159561284058919&amp;type=3\" data-width=\"500\">\n<div class=\"fb-xfbml-parse-ignore\">\n<blockquote cite=\"https:\/\/www.facebook.com\/media\/set\/?set=a.1238347672846936.1073742765.159561284058919&amp;type=3\">\n<p>YUNGAYINO.CLCarabineros de Yungay Realizo Fiscalizaci&#xf3;n y Certificaci&#xf3;n de &#x201c;Transporte Escolar Seguro&#x201d;&gt; M&#xc1;S&#8230;<\/p>\n<p>Posted by <a href=\"https:\/\/www.facebook.com\/Yungayinocl-159561284058919\/\">Yungayino.cl<\/a> on&nbsp;<a href=\"https:\/\/www.facebook.com\/media\/set\/?set=a.1238347672846936.1073742765.159561284058919&amp;type=3\">viernes, 26 de febrero de 2016<\/a><\/p><\/blockquote>\n<\/div>\n<\/div>\n<p style=\"text-align: justify;\">La actividad, que reuni\u00f3 a varios veh\u00edculos de transporte escolar de la comuna de Yungay, contempl\u00f3 una revisi\u00f3n legal y t\u00e9cnica que finalizaba con la obtenci\u00f3n de un sello que los habilita como conductores seguros y ya fiscalizados.<br \/>\nFinalmente entre las recomendaciones que entreg\u00f3 el Suboficial Juan Carlos Espinoza, destacan que todos los furgones deben poseer letreros de forma triangular de color amarillo y con letras negras; las ventanas deben tener vidrios transparentes frente a cada fila de asientos; que el acompa\u00f1ante debe estar presente si el furg\u00f3n transporta a m\u00e1s de cinco ni\u00f1os de nivel pre-b\u00e1sico y que el conductor debe poseer licencia que lo habilite para transportar escolares, tener tarjeta de identificaci\u00f3n con foto y respetar la capacidad de pasajeros indicada en el Certificado de Revisi\u00f3n T\u00e9cnica, entre otros.<\/p>\n<p style=\"text-align: justify;\">[su_button url=\u00bbhttps:\/\/www.facebook.com\/media\/set\/?set=a.1238347672846936.1073742765.159561284058919&amp;type=1&amp;l=f55465e585&#8243; target=\u00bbblank\u00bb size=\u00bb7&#8243; radius=\u00bbround\u00bb icon=\u00bbicon: facebook-square\u00bb]FOTOGRAF\u00cdAS &#8211; Carabineros de Yungay Realizo Fiscalizaci\u00f3n y Certificaci\u00f3n de \u201cTransporte Escolar Seguro\u201d[\/su_button]<\/p>\n","protected":false},"excerpt":{"rendered":"<p>Yungay, viernes 26 de febrero 2016: Con el prop\u00f3sito de verificar que el transporte escolar cumpla con la normativa, Carabineros de la Cuarta Comisar\u00eda de Yungay liderada por el Suboficial Juan Carlos Espinoza, Encargado&#46;&#46;&#46;<\/p>\n","protected":false},"author":2,"featured_media":14494,"comment_status":"open","ping_status":"open","sticky":false,"template":"","format":"standard","meta":{"footnotes":""},"categories":[3,1,32],"tags":[25,1298,642,1115,8,6,117],"class_list":["post-14493","post","type-post","status-publish","format-standard","has-post-thumbnail","hentry","category-actualidad","category-noticias","category-servicios","tag-carabineros","tag-fiscalizacion","tag-furgones-escolares","tag-noticias","tag-yungay","tag-yungayino","tag-yungayinocl"],"_links":{"self":[{"href":"https:\/\/www.yungayino.cl\/noticias\/index.php?rest_route=\/wp\/v2\/posts\/14493","targetHints":{"allow":["GET"]}}],"collection":[{"href":"https:\/\/www.yungayino.cl\/noticias\/index.php?rest_route=\/wp\/v2\/posts"}],"about":[{"href":"https:\/\/www.yungayino.cl\/noticias\/index.php?rest_route=\/wp\/v2\/types\/post"}],"author":[{"embeddable":true,"href":"https:\/\/www.yungayino.cl\/noticias\/index.php?rest_route=\/wp\/v2\/users\/2"}],"replies":[{"embeddable":true,"href":"https:\/\/www.yungayino.cl\/noticias\/index.php?rest_route=%2Fwp%2Fv2%2Fcomments&post=14493"}],"version-history":[{"count":2,"href":"https:\/\/www.yungayino.cl\/noticias\/index.php?rest_route=\/wp\/v2\/posts\/14493\/revisions"}],"predecessor-version":[{"id":14496,"href":"https:\/\/www.yungayino.cl\/noticias\/index.php?rest_route=\/wp\/v2\/posts\/14493\/revisions\/14496"}],"wp:featuredmedia":[{"embeddable":true,"href":"https:\/\/www.yungayino.cl\/noticias\/index.php?rest_route=\/wp\/v2\/media\/14494"}],"wp:attachment":[{"href":"https:\/\/www.yungayino.cl\/noticias\/index.php?rest_route=%2Fwp%2Fv2%2Fmedia&parent=14493"}],"wp:term":[{"taxonomy":"category","embeddable":true,"href":"https:\/\/www.yungayino.cl\/noticias\/index.php?rest_route=%2Fwp%2Fv2%2Fcategories&post=14493"},{"taxonomy":"post_tag","embeddable":true,"href":"https:\/\/www.yungayino.cl\/noticias\/index.php?rest_route=%2Fwp%2Fv2%2Ftags&post=14493"}],"curies":[{"name":"wp","href":"https:\/\/api.w.org\/{rel}","templated":true}]}}