{"id":14533,"date":"2016-03-12T16:00:38","date_gmt":"2016-03-12T19:00:38","guid":{"rendered":"http:\/\/www.yungayino.cl\/noticias\/?p=14533"},"modified":"2016-03-13T17:50:32","modified_gmt":"2016-03-13T20:50:32","slug":"municipio-yungayino-realizo-celebracion-en-campanario-y-yungay-en-el-dia-internacional-de-la-mujer","status":"publish","type":"post","link":"https:\/\/www.yungayino.cl\/noticias\/?p=14533","title":{"rendered":"Municipio Yungayino Realiz\u00f3 Celebraci\u00f3n en Campanario y Yungay en el \u201cD\u00eda Internacional de la Mujer\u201d"},"content":{"rendered":"<p style=\"text-align: justify;\">Yungay, domingo 13 de marzo 2016: Como todos los a\u00f1os el Municipio se preocup\u00f3 de celebrar el D\u00eda Internacional de la Mujer para Campanario y Yungay, donde para ello los funcionarios municipales decoraron especialmente para la ocasi\u00f3n los gimnasios multiuso de Campanario y Yungay.<\/p>\n<div id=\"fb-root\"><\/div>\n<p><script>\/\/ <![CDATA[\n(function(d, s, id) { var js, fjs = d.getElementsByTagName(s)[0]; if (d.getElementById(id)) return; js = d.createElement(s); js.id = id; js.src = \"\/\/connect.facebook.net\/es_LA\/sdk.js#xfbml=1&#038;version=v2.3\"; fjs.parentNode.insertBefore(js, fjs);}(document, 'script', 'facebook-jssdk'));\n\/\/ ]]><\/script><\/p>\n<div class=\"fb-post\" data-href=\"https:\/\/www.facebook.com\/media\/set\/?set=a.1249414561740247.1073742771.159561284058919&amp;type=3\" data-width=\"500\">\n<div class=\"fb-xfbml-parse-ignore\">\n<blockquote cite=\"https:\/\/www.facebook.com\/media\/set\/?set=a.1249414561740247.1073742771.159561284058919&amp;type=3\"><p>YUNGAYINO.CLMunicipio Yungayino Realiz\u00f3 Celebraci\u00f3n en Campanario y Yungay en el \u201cD\u00eda Internacional de la Mujer\u201d&gt; M\u00c1&#8230;<\/p>\n<p>Posted by <a href=\"https:\/\/www.facebook.com\/Yungayinocl-159561284058919\/\">Yungayino.cl<\/a> on\u00a0<a href=\"https:\/\/www.facebook.com\/media\/set\/?set=a.1249414561740247.1073742771.159561284058919&amp;type=3\">domingo, 13 de marzo de 2016<\/a><\/p><\/blockquote>\n<\/div>\n<\/div>\n<p style=\"text-align: justify;\">Las actividades que se desarrollaron el viernes 11 y s\u00e1bado 12 se iniciaron con la recepci\u00f3n de todas las mujeres provenientes tanto de los sectores urbanos como rurales para los cuales el municipio dispuso locomoci\u00f3n, y as\u00ed todas pudieran disfrutar un momento de alegr\u00eda y esparcimiento.<\/p>\n<p style=\"text-align: justify;\">En la ocasi\u00f3n a cada una de las mujeres se les hizo entrega de un regalo, para luego disfrutar el show, el cual contemplo la participaci\u00f3n del \u201cDoble de Luis Miguel\u201d, El\u00edas Pizarro, qui\u00e9n obtuvo fama al lograr un parecido casi id\u00e9ntico al cantante original a trav\u00e9s de su voz, vestimenta y look en el concurso \u201cMi Nombre Es\u201d de Canal 13.<\/p>\n<p style=\"text-align: justify;\">\n<div id=\"fb-root\"><\/div>\n<p><script>(function(d, s, id) {  var js, fjs = d.getElementsByTagName(s)[0];  if (d.getElementById(id)) return;  js = d.createElement(s); js.id = id;  js.src = \"\/\/connect.facebook.net\/es_LA\/sdk.js#xfbml=1&version=v2.3\";  fjs.parentNode.insertBefore(js, fjs);}(document, 'script', 'facebook-jssdk'));<\/script><\/p>\n<div class=\"fb-post\" data-href=\"https:\/\/www.facebook.com\/media\/set\/?set=a.1249423438406026.1073742772.159561284058919&amp;type=3\" data-width=\"500\">\n<div class=\"fb-xfbml-parse-ignore\">\n<blockquote cite=\"https:\/\/www.facebook.com\/media\/set\/?set=a.1249423438406026.1073742772.159561284058919&amp;type=3\">\n<p>YUNGAYINO.CLMunicipio Yungayino Realiz&#xf3; Celebraci&#xf3;n en Campanario y Yungay en el &#x201c;D&#xed;a Internacional de la Mujer&#x201d;&gt; M&#xc1;&#8230;<\/p>\n<p>Posted by <a href=\"https:\/\/www.facebook.com\/Yungayinocl-159561284058919\/\">Yungayino.cl<\/a> on&nbsp;<a href=\"https:\/\/www.facebook.com\/media\/set\/?set=a.1249423438406026.1073742772.159561284058919&amp;type=3\">domingo, 13 de marzo de 2016<\/a><\/p><\/blockquote>\n<\/div>\n<\/div>\n<p style=\"text-align: justify;\">La nota de romanticismo la puso Eusebio Carlos, doble oficial de Roberto Carlos, con un timbre de voz muy parecido al original, lo que le hizo llegar a la semifinal del programa de Mega, Yo Soy Roberto Carlos, qui\u00e9n en esta ocasi\u00f3n deleito a la mujeres de Yungay y Campanario con las canciones m\u00e1s conocidas de este \u00eddolo.<\/p>\n<p style=\"text-align: justify;\">Finalmente Enrique Salcedo fue el encargado de hacer bailar a todas las mujeres presentes, quienes adem\u00e1s fueron atendidas con brochetas, sopaipillas, ponche y bebida.<\/p>\n<p style=\"text-align: justify;\"><strong>[su_button url=\u00bbhttps:\/\/www.facebook.com\/media\/set\/?set=a.1249414561740247.1073742771.159561284058919&amp;type=1&amp;l=41ab35fd8e\u00bb target=\u00bbblank\u00bb size=\u00bb7&#8243; radius=\u00bbround\u00bb icon=\u00bbicon: facebook-square\u00bb]FOTOGRAF\u00cdAS &#8211; Celebraci\u00f3n en Campanario[\/su_button]<\/strong><\/p>\n<p style=\"text-align: justify;\"><strong>[su_button url=\u00bbhttps:\/\/www.facebook.com\/media\/set\/?set=a.1249423438406026.1073742772.159561284058919&amp;type=1&amp;l=cb570f896a\u00bb target=\u00bbblank\u00bb size=\u00bb7&#8243; radius=\u00bbround\u00bb icon=\u00bbicon: facebook-square\u00bb]FOTOGRAF\u00cdAS &#8211; Celebraci\u00f3n en Yungay[\/su_button]<\/strong><\/p>\n","protected":false},"excerpt":{"rendered":"<p>Yungay, domingo 13 de marzo 2016: Como todos los a\u00f1os el Municipio se preocup\u00f3 de celebrar el D\u00eda Internacional de la Mujer para Campanario y Yungay, donde para ello los funcionarios municipales decoraron especialmente&#46;&#46;&#46;<\/p>\n","protected":false},"author":2,"featured_media":14534,"comment_status":"open","ping_status":"open","sticky":false,"template":"","format":"standard","meta":{"footnotes":""},"categories":[5,1],"tags":[31,643,1115,8,6,117],"class_list":["post-14533","post","type-post","status-publish","format-standard","has-post-thumbnail","hentry","category-eventos","category-noticias","tag-campanario","tag-dia-de-la-mujer","tag-noticias","tag-yungay","tag-yungayino","tag-yungayinocl"],"_links":{"self":[{"href":"https:\/\/www.yungayino.cl\/noticias\/index.php?rest_route=\/wp\/v2\/posts\/14533","targetHints":{"allow":["GET"]}}],"collection":[{"href":"https:\/\/www.yungayino.cl\/noticias\/index.php?rest_route=\/wp\/v2\/posts"}],"about":[{"href":"https:\/\/www.yungayino.cl\/noticias\/index.php?rest_route=\/wp\/v2\/types\/post"}],"author":[{"embeddable":true,"href":"https:\/\/www.yungayino.cl\/noticias\/index.php?rest_route=\/wp\/v2\/users\/2"}],"replies":[{"embeddable":true,"href":"https:\/\/www.yungayino.cl\/noticias\/index.php?rest_route=%2Fwp%2Fv2%2Fcomments&post=14533"}],"version-history":[{"count":7,"href":"https:\/\/www.yungayino.cl\/noticias\/index.php?rest_route=\/wp\/v2\/posts\/14533\/revisions"}],"predecessor-version":[{"id":14542,"href":"https:\/\/www.yungayino.cl\/noticias\/index.php?rest_route=\/wp\/v2\/posts\/14533\/revisions\/14542"}],"wp:featuredmedia":[{"embeddable":true,"href":"https:\/\/www.yungayino.cl\/noticias\/index.php?rest_route=\/wp\/v2\/media\/14534"}],"wp:attachment":[{"href":"https:\/\/www.yungayino.cl\/noticias\/index.php?rest_route=%2Fwp%2Fv2%2Fmedia&parent=14533"}],"wp:term":[{"taxonomy":"category","embeddable":true,"href":"https:\/\/www.yungayino.cl\/noticias\/index.php?rest_route=%2Fwp%2Fv2%2Fcategories&post=14533"},{"taxonomy":"post_tag","embeddable":true,"href":"https:\/\/www.yungayino.cl\/noticias\/index.php?rest_route=%2Fwp%2Fv2%2Ftags&post=14533"}],"curies":[{"name":"wp","href":"https:\/\/api.w.org\/{rel}","templated":true}]}}