{"id":14543,"date":"2016-03-12T20:00:36","date_gmt":"2016-03-12T23:00:36","guid":{"rendered":"http:\/\/www.yungayino.cl\/noticias\/?p=14543"},"modified":"2016-03-13T18:28:41","modified_gmt":"2016-03-13T21:28:41","slug":"5-internos-del-centro-de-detencion-preventivo-de-yungay-se-reinsertan-laboralmente-en-la-construccion-de-viviendas","status":"publish","type":"post","link":"https:\/\/www.yungayino.cl\/noticias\/?p=14543","title":{"rendered":"5 Internos del Centro de Detenci\u00f3n Preventivo de Yungay se Reinsertan Laboralmente en la Construcci\u00f3n de Viviendas"},"content":{"rendered":"<p style=\"text-align: justify;\">Yungay, s\u00e1bado 12 de marzo 2016: En una coordinaci\u00f3n entre Gendarmer\u00eda de Chile espec\u00edficamente el Centro de Detenci\u00f3n Preventivo de Yungay y la Empresa Constructora Jos\u00e9 Miguel Garc\u00eda y C\u00eda. Limitada, iniciaron un plan estrat\u00e9gico para captar mano de obra, en este caso, vinculada a la unidad penal y que goza de salida controlada al medio libre, el cual ha beneficiado a 5 internos.<\/p>\n<div id=\"fb-root\"><\/div>\n<p><script>\/\/ <![CDATA[\n(function(d, s, id) { var js, fjs = d.getElementsByTagName(s)[0]; if (d.getElementById(id)) return; js = d.createElement(s); js.id = id; js.src = \"\/\/connect.facebook.net\/es_LA\/sdk.js#xfbml=1&#038;version=v2.3\"; fjs.parentNode.insertBefore(js, fjs);}(document, 'script', 'facebook-jssdk'));\n\/\/ ]]><\/script><\/p>\n<div class=\"fb-post\" data-href=\"https:\/\/www.facebook.com\/media\/set\/?set=a.1249437825071254.1073742773.159561284058919&amp;type=3\" data-width=\"500\">\n<div class=\"fb-xfbml-parse-ignore\">\n<blockquote cite=\"https:\/\/www.facebook.com\/media\/set\/?set=a.1249437825071254.1073742773.159561284058919&amp;type=3\"><p>YUNGAYINO.CL5 Internos del Centro de Detenci\u00f3n Preventivo de Yungay se Reinsertan Laboralmente en la Construcci\u00f3n de Viviendas&gt; M\u00c1S INFORMACI\u00d3N EN:&gt; FOTOGRAF\u00cdAS:<\/p>\n<p>Posted by <a href=\"https:\/\/www.facebook.com\/Yungayinocl-159561284058919\/\">Yungayino.cl<\/a> on\u00a0<a href=\"https:\/\/www.facebook.com\/media\/set\/?set=a.1249437825071254.1073742773.159561284058919&amp;type=3\">domingo, 13 de marzo de 2016<\/a><\/p><\/blockquote>\n<\/div>\n<\/div>\n<p style=\"text-align: justify;\">El inicio de este plan estrat\u00e9gico fue presidido en terreno por el alcaide del recinto penal, Capit\u00e1n Rodrigo Sol\u00eds junto al representante de la constructora Francisco R\u00edos, quienes compartieron en la faena junto a los internos la experiencia de esta oportunidad de reinsertarse en el mundo laboral.<\/p>\n<p style=\"text-align: justify;\">El Capit\u00e1n Rodrigo Sol\u00eds, manifest\u00f3 al Equipo del Portal Yungayino.cl, estar muy satisfecho con esta iniciativa, la cual cumple con los alineamientos institucionales en el proceso de inserci\u00f3n laboral a los internos, tambi\u00e9n agradeci\u00f3 el apoyo de la empresa privada y a los internos por el buen cumplimiento en el desarrollo de este plan.<\/p>\n<p style=\"text-align: justify;\">Francisco R\u00edos, Administrador de la Obra de la Constructora Jos\u00e9 Miguel Garc\u00eda y C\u00eda. Limitada, se\u00f1alo estar muy satisfecho con el desempe\u00f1o laboral de estas 5 personas beneficiadas con este plan, el cual naci\u00f3 por una necesidad de mano de obra de la empresa y en conversaciones con Gendarmer\u00eda, representado por el Capit\u00e1n Rodrigo Sol\u00eds.<\/p>\n<p style=\"text-align: justify;\">Por su parte los internos Cristian Jaramillo y Gabriel Mu\u00f1oz se\u00f1alaron al Equipo del Portal Yungayino.cl estar muy satisfechos y agradecidos de la Empresa Constructora Jos\u00e9 Miguel Garc\u00eda y C\u00eda. Limitada y del Capit\u00e1n Rodrigo Sol\u00eds por esta gran oportunidad que le ha permitido reinsertarse en el mundo laboral y poder trabajar, adem\u00e1s de permitirle generar recursos que les permitir\u00e1 concretar proyectos en el futuro junto a su familia.<\/p>\n<p style=\"text-align: justify;\">Finalmente el inicio de esta actividad concluyo con un recorrido por la faena y poder ver en terreno la labor que est\u00e1n desarrollando actualmente estos 5 internos.<\/p>\n<p style=\"text-align: justify;\">[su_button url=\u00bbhttps:\/\/www.facebook.com\/media\/set\/?set=a.1249437825071254.1073742773.159561284058919&amp;type=1&amp;l=7e361f2c47&#8243; target=\u00bbblank\u00bb size=\u00bb7&#8243; radius=\u00bbround\u00bb icon=\u00bbicon: facebook-square\u00bb]FOTOGRAF\u00cdAS &#8211; 5 Internos del Centro de Detenci\u00f3n Preventivo de Yungay se Reinsertan Laboralmente en la Construcci\u00f3n de Viviendas[\/su_button]<\/p>\n","protected":false},"excerpt":{"rendered":"<p>Yungay, s\u00e1bado 12 de marzo 2016: En una coordinaci\u00f3n entre Gendarmer\u00eda de Chile espec\u00edficamente el Centro de Detenci\u00f3n Preventivo de Yungay y la Empresa Constructora Jos\u00e9 Miguel Garc\u00eda y C\u00eda. Limitada, iniciaron un plan&#46;&#46;&#46;<\/p>\n","protected":false},"author":2,"featured_media":14544,"comment_status":"open","ping_status":"open","sticky":false,"template":"","format":"standard","meta":{"footnotes":""},"categories":[3,1],"tags":[1308,361,1115,8,6,117],"class_list":["post-14543","post","type-post","status-publish","format-standard","has-post-thumbnail","hentry","category-actualidad","category-noticias","tag-constructora-jose-miguel-garcia-y-cia-ltda","tag-gendarmeria","tag-noticias","tag-yungay","tag-yungayino","tag-yungayinocl"],"_links":{"self":[{"href":"https:\/\/www.yungayino.cl\/noticias\/index.php?rest_route=\/wp\/v2\/posts\/14543","targetHints":{"allow":["GET"]}}],"collection":[{"href":"https:\/\/www.yungayino.cl\/noticias\/index.php?rest_route=\/wp\/v2\/posts"}],"about":[{"href":"https:\/\/www.yungayino.cl\/noticias\/index.php?rest_route=\/wp\/v2\/types\/post"}],"author":[{"embeddable":true,"href":"https:\/\/www.yungayino.cl\/noticias\/index.php?rest_route=\/wp\/v2\/users\/2"}],"replies":[{"embeddable":true,"href":"https:\/\/www.yungayino.cl\/noticias\/index.php?rest_route=%2Fwp%2Fv2%2Fcomments&post=14543"}],"version-history":[{"count":2,"href":"https:\/\/www.yungayino.cl\/noticias\/index.php?rest_route=\/wp\/v2\/posts\/14543\/revisions"}],"predecessor-version":[{"id":14546,"href":"https:\/\/www.yungayino.cl\/noticias\/index.php?rest_route=\/wp\/v2\/posts\/14543\/revisions\/14546"}],"wp:featuredmedia":[{"embeddable":true,"href":"https:\/\/www.yungayino.cl\/noticias\/index.php?rest_route=\/wp\/v2\/media\/14544"}],"wp:attachment":[{"href":"https:\/\/www.yungayino.cl\/noticias\/index.php?rest_route=%2Fwp%2Fv2%2Fmedia&parent=14543"}],"wp:term":[{"taxonomy":"category","embeddable":true,"href":"https:\/\/www.yungayino.cl\/noticias\/index.php?rest_route=%2Fwp%2Fv2%2Fcategories&post=14543"},{"taxonomy":"post_tag","embeddable":true,"href":"https:\/\/www.yungayino.cl\/noticias\/index.php?rest_route=%2Fwp%2Fv2%2Ftags&post=14543"}],"curies":[{"name":"wp","href":"https:\/\/api.w.org\/{rel}","templated":true}]}}