{"id":14548,"date":"2016-03-16T10:00:22","date_gmt":"2016-03-16T13:00:22","guid":{"rendered":"http:\/\/www.yungayino.cl\/noticias\/?p=14548"},"modified":"2016-03-16T11:51:36","modified_gmt":"2016-03-16T14:51:36","slug":"alcalde-de-yungay-y-comitiva-viajo-al-congreso-donde-se-discute-el-ingreso-del-proyecto-de-creacion-de-nuble-region","status":"publish","type":"post","link":"https:\/\/www.yungayino.cl\/noticias\/?p=14548","title":{"rendered":"Alcalde de Yungay y Comitiva Viajo al Congreso, Donde se Discute el Ingreso del Proyecto de Creaci\u00f3n de \u00d1uble Regi\u00f3n"},"content":{"rendered":"<p style=\"text-align: justify;\">Yungay, mi\u00e9rcoles 16 de Marzo 2016: El alcalde de Yungay, Pedro Inostroza Valenzuela y una comitiva conformada por la Concejala Ang\u00e9lica Cabezas, el Administrador Municipal Alexis P\u00e9rez y el Jefe de Gabinete Municipal, Juan L\u00f3pez, viajaron a Valpara\u00edso espec\u00edficamente al Congreso, donde se discutir\u00e1 y votara este mi\u00e9rcoles a partir de las 16:00 horas en el Senado el Proyecto que crea la futura Regi\u00f3n de \u00d1uble.<\/p>\n<p style=\"text-align: justify;\">\n<p style=\"text-align: justify;\">\n<div id=\"fb-root\"><\/div>\n<p><script>(function(d, s, id) {  var js, fjs = d.getElementsByTagName(s)[0];  if (d.getElementById(id)) return;  js = d.createElement(s); js.id = id;  js.src = \"\/\/connect.facebook.net\/es_LA\/sdk.js#xfbml=1&version=v2.3\";  fjs.parentNode.insertBefore(js, fjs);}(document, 'script', 'facebook-jssdk'));<\/script><\/p>\n<div class=\"fb-post\" data-href=\"https:\/\/www.facebook.com\/media\/set\/?set=a.1251551478193222.1073742774.159561284058919&amp;type=3\" data-width=\"500\">\n<div class=\"fb-xfbml-parse-ignore\">\n<blockquote cite=\"https:\/\/www.facebook.com\/media\/set\/?set=a.1251551478193222.1073742774.159561284058919&amp;type=3\">\n<p>YUNGAYINO.CLAlcalde de Yungay y Comitiva Viajo al Congreso, Donde se Discute el Ingreso del Proyecto de Creaci&#xf3;n de &#xd1;&#8230;<\/p>\n<p>Posted by <a href=\"https:\/\/www.facebook.com\/Yungayinocl-159561284058919\/\">Yungayino.cl<\/a> on&nbsp;<a href=\"https:\/\/www.facebook.com\/media\/set\/?set=a.1251551478193222.1073742774.159561284058919&amp;type=3\">mi\u00e9rcoles, 16 de marzo de 2016<\/a><\/p><\/blockquote>\n<\/div>\n<\/div>\n<p style=\"text-align: justify;\">\n<p style=\"text-align: justify;\">La primera autoridad comunal y comitiva comparti\u00f3 con varios alcaldes de la provincia, quienes tambi\u00e9n viajaron para apoyar la discusi\u00f3n y votaci\u00f3n de este proyecto en el Senado, tambi\u00e9n se reunieron con Senadores como Felipe Harboe (PPD) y V\u00edctor P\u00e9rez Varela (UDI), quienes comprometieron todo su apoyo para que se apruebe la creaci\u00f3n de la Regi\u00f3n de \u00d1uble.<\/p>\n<p style=\"text-align: justify;\">Destacar que superada esta etapa, se iniciara el per\u00edodo de indicaciones, que ser\u00e1 fijado en sala, y que no deber\u00eda superar los 30 d\u00edas, para luego comenzar la discusi\u00f3n en particular al interior de la Comisi\u00f3n de Gobierno Interior, Descentralizaci\u00f3n y Regionalizaci\u00f3n del Senado, la cual ya aprob\u00f3 en general el proyecto durante la sesi\u00f3n que se desarroll\u00f3 en enero pasado en Chill\u00e1n.<\/p>\n<p style=\"text-align: justify;\">Finalmente destacar que el alcalde Pedro Inostroza Valenzuela, tambi\u00e9n est\u00e1 realizando todas las gestiones para que Yungay logre ser Capital Provincial de la futura Regi\u00f3n de \u00d1uble.<\/p>\n<p style=\"text-align: justify;\">\n<p style=\"text-align: justify;\">[su_button url=\u00bbhttps:\/\/www.facebook.com\/media\/set\/?set=a.1251551478193222.1073742774.159561284058919&amp;type=1&amp;l=d73a3abcb9&#8243; target=\u00bbblank\u00bb size=\u00bb7&#8243; radius=\u00bbround\u00bb icon=\u00bbicon: facebook-square\u00bb]FOTOGRAF\u00cdAS &#8211; Alcalde de Yungay y Comitiva Viajo al Congreso, Donde se Discute el Ingreso del Proyecto de Creaci\u00f3n de \u00d1uble Regi\u00f3n[\/su_button]<\/p>\n","protected":false},"excerpt":{"rendered":"<p>Yungay, mi\u00e9rcoles 16 de Marzo 2016: El alcalde de Yungay, Pedro Inostroza Valenzuela y una comitiva conformada por la Concejala Ang\u00e9lica Cabezas, el Administrador Municipal Alexis P\u00e9rez y el Jefe de Gabinete Municipal, Juan&#46;&#46;&#46;<\/p>\n","protected":false},"author":2,"featured_media":14549,"comment_status":"open","ping_status":"open","sticky":false,"template":"","format":"standard","meta":{"footnotes":""},"categories":[3,14,1,32,15],"tags":[1115,1075,8,6,117],"class_list":["post-14548","post","type-post","status-publish","format-standard","has-post-thumbnail","hentry","category-actualidad","category-historia","category-noticias","category-servicios","category-turismo","tag-noticias","tag-nuble-region","tag-yungay","tag-yungayino","tag-yungayinocl"],"_links":{"self":[{"href":"https:\/\/www.yungayino.cl\/noticias\/index.php?rest_route=\/wp\/v2\/posts\/14548","targetHints":{"allow":["GET"]}}],"collection":[{"href":"https:\/\/www.yungayino.cl\/noticias\/index.php?rest_route=\/wp\/v2\/posts"}],"about":[{"href":"https:\/\/www.yungayino.cl\/noticias\/index.php?rest_route=\/wp\/v2\/types\/post"}],"author":[{"embeddable":true,"href":"https:\/\/www.yungayino.cl\/noticias\/index.php?rest_route=\/wp\/v2\/users\/2"}],"replies":[{"embeddable":true,"href":"https:\/\/www.yungayino.cl\/noticias\/index.php?rest_route=%2Fwp%2Fv2%2Fcomments&post=14548"}],"version-history":[{"count":1,"href":"https:\/\/www.yungayino.cl\/noticias\/index.php?rest_route=\/wp\/v2\/posts\/14548\/revisions"}],"predecessor-version":[{"id":14550,"href":"https:\/\/www.yungayino.cl\/noticias\/index.php?rest_route=\/wp\/v2\/posts\/14548\/revisions\/14550"}],"wp:featuredmedia":[{"embeddable":true,"href":"https:\/\/www.yungayino.cl\/noticias\/index.php?rest_route=\/wp\/v2\/media\/14549"}],"wp:attachment":[{"href":"https:\/\/www.yungayino.cl\/noticias\/index.php?rest_route=%2Fwp%2Fv2%2Fmedia&parent=14548"}],"wp:term":[{"taxonomy":"category","embeddable":true,"href":"https:\/\/www.yungayino.cl\/noticias\/index.php?rest_route=%2Fwp%2Fv2%2Fcategories&post=14548"},{"taxonomy":"post_tag","embeddable":true,"href":"https:\/\/www.yungayino.cl\/noticias\/index.php?rest_route=%2Fwp%2Fv2%2Ftags&post=14548"}],"curies":[{"name":"wp","href":"https:\/\/api.w.org\/{rel}","templated":true}]}}