{"id":14551,"date":"2016-03-18T10:00:02","date_gmt":"2016-03-18T13:00:02","guid":{"rendered":"http:\/\/www.yungayino.cl\/noticias\/?p=14551"},"modified":"2016-03-18T13:46:13","modified_gmt":"2016-03-18T16:46:13","slug":"sala-del-senado-aprobo-creacion-de-la-region-de-nuble","status":"publish","type":"post","link":"https:\/\/www.yungayino.cl\/noticias\/?p=14551","title":{"rendered":"Sala del Senado Aprob\u00f3 Creaci\u00f3n de la Regi\u00f3n de \u00d1uble"},"content":{"rendered":"<p style=\"text-align: justify;\">Yungay, viernes 18 de marzo 2016: 27 votos a favor, dos en contra y ninguna abstenci\u00f3n, la Sala del Senado aprob\u00f3 el pasado mi\u00e9rcoles 16 de marzo, en general el proyecto que crea la futura Regi\u00f3n de \u00d1uble.<\/p>\n<p style=\"text-align: justify;\">Se\u00f1alar que superada esta etapa, se iniciara el per\u00edodo de indicaciones, que ser\u00e1 fijado en sala, quedando como fecha de cierre el 18 de abril a las 12:00 horas. Destacar que en esta instancia la comuna de Yungay liderado por su alcalde Pedro Inostroza Valenzuela, ya se encuentra realizando todas las gestiones posibles, adem\u00e1s de golpear todas la puertas que sean necesarias para que exista una modificaci\u00f3n en el mensaje, y sea Yungay la capital de la futura provincia de Diguill\u00edn, de acuerdo a lo se\u00f1alado por el propio alcalde Pedro Inostroza a nuestro Equipo del Portal Yungayino.cl, qui\u00e9n viajo al congreso con una comitiva conformada por la Concejala Ang\u00e9lica Cabezas, el Administrador Municipal, Alexis P\u00e9rez y el Jefe de Gabinete Municipal, Juan L\u00f3pez.<\/p>\n<p style=\"text-align: justify;\">Finalmente una vez despachado el proyecto en particular por Gobierno Interior, pasar\u00e1 a la Comisi\u00f3n de Hacienda, y luego ser\u00e1 discutido y votado en sala, d\u00f3nde se espera que de aqu\u00ed a junio, la iniciativa est\u00e9 ya en la C\u00e1mara de Diputados, y que antes de fin de a\u00f1o est\u00e9 aprobada, para convertirse en ley durante el primer trimestre de 2017.<\/p>\n","protected":false},"excerpt":{"rendered":"<p>Yungay, viernes 18 de marzo 2016: 27 votos a favor, dos en contra y ninguna abstenci\u00f3n, la Sala del Senado aprob\u00f3 el pasado mi\u00e9rcoles 16 de marzo, en general el proyecto que crea la&#46;&#46;&#46;<\/p>\n","protected":false},"author":2,"featured_media":14552,"comment_status":"open","ping_status":"open","sticky":false,"template":"","format":"standard","meta":{"footnotes":""},"categories":[3,14,1,32,15],"tags":[1116,1115,1075,1309,8,6,117],"class_list":["post-14551","post","type-post","status-publish","format-standard","has-post-thumbnail","hentry","category-actualidad","category-historia","category-noticias","category-servicios","category-turismo","tag-actualidad","tag-noticias","tag-nuble-region","tag-senado","tag-yungay","tag-yungayino","tag-yungayinocl"],"_links":{"self":[{"href":"https:\/\/www.yungayino.cl\/noticias\/index.php?rest_route=\/wp\/v2\/posts\/14551","targetHints":{"allow":["GET"]}}],"collection":[{"href":"https:\/\/www.yungayino.cl\/noticias\/index.php?rest_route=\/wp\/v2\/posts"}],"about":[{"href":"https:\/\/www.yungayino.cl\/noticias\/index.php?rest_route=\/wp\/v2\/types\/post"}],"author":[{"embeddable":true,"href":"https:\/\/www.yungayino.cl\/noticias\/index.php?rest_route=\/wp\/v2\/users\/2"}],"replies":[{"embeddable":true,"href":"https:\/\/www.yungayino.cl\/noticias\/index.php?rest_route=%2Fwp%2Fv2%2Fcomments&post=14551"}],"version-history":[{"count":1,"href":"https:\/\/www.yungayino.cl\/noticias\/index.php?rest_route=\/wp\/v2\/posts\/14551\/revisions"}],"predecessor-version":[{"id":14553,"href":"https:\/\/www.yungayino.cl\/noticias\/index.php?rest_route=\/wp\/v2\/posts\/14551\/revisions\/14553"}],"wp:featuredmedia":[{"embeddable":true,"href":"https:\/\/www.yungayino.cl\/noticias\/index.php?rest_route=\/wp\/v2\/media\/14552"}],"wp:attachment":[{"href":"https:\/\/www.yungayino.cl\/noticias\/index.php?rest_route=%2Fwp%2Fv2%2Fmedia&parent=14551"}],"wp:term":[{"taxonomy":"category","embeddable":true,"href":"https:\/\/www.yungayino.cl\/noticias\/index.php?rest_route=%2Fwp%2Fv2%2Fcategories&post=14551"},{"taxonomy":"post_tag","embeddable":true,"href":"https:\/\/www.yungayino.cl\/noticias\/index.php?rest_route=%2Fwp%2Fv2%2Ftags&post=14551"}],"curies":[{"name":"wp","href":"https:\/\/api.w.org\/{rel}","templated":true}]}}