{"id":14554,"date":"2016-03-21T10:00:18","date_gmt":"2016-03-21T13:00:18","guid":{"rendered":"http:\/\/www.yungayino.cl\/noticias\/?p=14554"},"modified":"2016-03-21T12:38:39","modified_gmt":"2016-03-21T15:38:39","slug":"liceo-a-17-de-yungay-realizo-ceremonia-de-premiacion-2","status":"publish","type":"post","link":"https:\/\/www.yungayino.cl\/noticias\/?p=14554","title":{"rendered":"Liceo A-17 de Yungay Realizo Ceremonia de Premiaci\u00f3n"},"content":{"rendered":"<p style=\"text-align: justify;\">Lunes, 21 de marzo 2016: En las dependencias del Liceo Modular A- 17 de Yungay, se llev\u00f3 a cabo el pasado viernes 18 de marzo un Acto de Ceremonia Premiaci\u00f3n para reconocer a todos los estudiantes que se destacaron durante el a\u00f1o escolar 2015.<\/p>\n<p style=\"text-align: justify;\">La ceremonia estuvo encabezada por su Director Sergio Villalobos, adem\u00e1s de la asistencia de la Directora DAEM Yungay, Eugenia L\u00f3pez, la Concejala Ang\u00e9lica Cabezas, la Orientadora Marianela Fern\u00e1ndez, adem\u00e1s de invitados especiales, apoderados, alumnos y docentes.<\/p>\n<p style=\"text-align: justify;\">\n<p style=\"text-align: justify;\">\n<div id=\"fb-root\"><\/div>\n<p><script>(function(d, s, id) {  var js, fjs = d.getElementsByTagName(s)[0];  if (d.getElementById(id)) return;  js = d.createElement(s); js.id = id;  js.src = \"\/\/connect.facebook.net\/es_LA\/sdk.js#xfbml=1&version=v2.3\";  fjs.parentNode.insertBefore(js, fjs);}(document, 'script', 'facebook-jssdk'));<\/script><\/p>\n<div class=\"fb-post\" data-href=\"https:\/\/www.facebook.com\/media\/set\/?set=a.1255896407758729.1073742775.159561284058919&amp;type=3\" data-width=\"500\">\n<div class=\"fb-xfbml-parse-ignore\">\n<blockquote cite=\"https:\/\/www.facebook.com\/media\/set\/?set=a.1255896407758729.1073742775.159561284058919&amp;type=3\">\n<p>YUNGAYINO.CLLiceo A-17 de Yungay Realizo Ceremonia de Premiaci&#xf3;n&gt; M&#xc1;S INFORMACI&#xd3;N EN:&gt; FOTOGRAF&#xcd;&#8230;<\/p>\n<p>Posted by <a href=\"https:\/\/www.facebook.com\/Yungayinocl-159561284058919\/\">Yungayino.cl<\/a> on&nbsp;<a href=\"https:\/\/www.facebook.com\/media\/set\/?set=a.1255896407758729.1073742775.159561284058919&amp;type=3\">lunes, 21 de marzo de 2016<\/a><\/p><\/blockquote>\n<\/div>\n<\/div>\n<p style=\"text-align: justify;\">\n<p style=\"text-align: justify;\">El Director Sergio Villalobos, se\u00f1alo al Equipo del Portal Yungayino.cl, que esta ceremonia se viene realizando hace varios a\u00f1os como una forma de incentivar y reconocer a todos los estudiantes que destacaron durante el a\u00f1o escolar en las diferentes actividades que se realizaron en el Liceo, ya sean logros como en lo deportivo, cient\u00edfico, humanista, extra program\u00e1tico, etc., tambi\u00e9n destaco y agradeci\u00f3 el apoyo dado siempre por parte de los profesores y apoderados en lograr estos reconocimiento tanto en lo local como en participaciones en la provincia y la regi\u00f3n. Finalmente los asistentes compartieron un coctel.<\/p>\n<p style=\"text-align: justify;\">[su_button url=\u00bbhttps:\/\/www.facebook.com\/media\/set\/?set=a.1255896407758729.1073742775.159561284058919&amp;type=1&amp;l=96ecb3c3d8&#8243; target=\u00bbblank\u00bb size=\u00bb7&#8243; radius=\u00bbround\u00bb icon=\u00bbicon: facebook-square\u00bb]FOTOGRAF\u00cdAS &#8211; Liceo A-17 de Yungay Realizo Ceremonia de Premiaci\u00f3n[\/su_button]<\/p>\n","protected":false},"excerpt":{"rendered":"<p>Lunes, 21 de marzo 2016: En las dependencias del Liceo Modular A- 17 de Yungay, se llev\u00f3 a cabo el pasado viernes 18 de marzo un Acto de Ceremonia Premiaci\u00f3n para reconocer a todos&#46;&#46;&#46;<\/p>\n","protected":false},"author":2,"featured_media":14555,"comment_status":"open","ping_status":"open","sticky":false,"template":"","format":"standard","meta":{"footnotes":""},"categories":[1],"tags":[89,1115,8,6,117],"class_list":["post-14554","post","type-post","status-publish","format-standard","has-post-thumbnail","hentry","category-noticias","tag-liceo-yungay","tag-noticias","tag-yungay","tag-yungayino","tag-yungayinocl"],"_links":{"self":[{"href":"https:\/\/www.yungayino.cl\/noticias\/index.php?rest_route=\/wp\/v2\/posts\/14554","targetHints":{"allow":["GET"]}}],"collection":[{"href":"https:\/\/www.yungayino.cl\/noticias\/index.php?rest_route=\/wp\/v2\/posts"}],"about":[{"href":"https:\/\/www.yungayino.cl\/noticias\/index.php?rest_route=\/wp\/v2\/types\/post"}],"author":[{"embeddable":true,"href":"https:\/\/www.yungayino.cl\/noticias\/index.php?rest_route=\/wp\/v2\/users\/2"}],"replies":[{"embeddable":true,"href":"https:\/\/www.yungayino.cl\/noticias\/index.php?rest_route=%2Fwp%2Fv2%2Fcomments&post=14554"}],"version-history":[{"count":2,"href":"https:\/\/www.yungayino.cl\/noticias\/index.php?rest_route=\/wp\/v2\/posts\/14554\/revisions"}],"predecessor-version":[{"id":14557,"href":"https:\/\/www.yungayino.cl\/noticias\/index.php?rest_route=\/wp\/v2\/posts\/14554\/revisions\/14557"}],"wp:featuredmedia":[{"embeddable":true,"href":"https:\/\/www.yungayino.cl\/noticias\/index.php?rest_route=\/wp\/v2\/media\/14555"}],"wp:attachment":[{"href":"https:\/\/www.yungayino.cl\/noticias\/index.php?rest_route=%2Fwp%2Fv2%2Fmedia&parent=14554"}],"wp:term":[{"taxonomy":"category","embeddable":true,"href":"https:\/\/www.yungayino.cl\/noticias\/index.php?rest_route=%2Fwp%2Fv2%2Fcategories&post=14554"},{"taxonomy":"post_tag","embeddable":true,"href":"https:\/\/www.yungayino.cl\/noticias\/index.php?rest_route=%2Fwp%2Fv2%2Ftags&post=14554"}],"curies":[{"name":"wp","href":"https:\/\/api.w.org\/{rel}","templated":true}]}}