{"id":14600,"date":"2016-04-05T20:00:03","date_gmt":"2016-04-05T23:00:03","guid":{"rendered":"http:\/\/www.yungayino.cl\/noticias\/?p=14600"},"modified":"2016-04-05T23:09:40","modified_gmt":"2016-04-06T02:09:40","slug":"direccion-de-jardin-infantil-rayo-de-luna-de-yungay-realiza-reunion-informativa-de-su-proyecto-educativo-institucional-pei","status":"publish","type":"post","link":"https:\/\/www.yungayino.cl\/noticias\/?p=14600","title":{"rendered":"Direcci\u00f3n de Jard\u00edn Infantil \u201cRayo de Luna\u201d de Yungay Realiza Reuni\u00f3n Informativa de su proyecto Educativo Institucional (PEI)"},"content":{"rendered":"<p style=\"text-align: justify;\">Yungay, martes 05 de abril 2016: En las dependencias de la Biblioteca P\u00fablica Oreste Montero se llev\u00f3 a cabo una reuni\u00f3n informativa para la comunidad por parte de la Direcci\u00f3n del Jard\u00edn Infantil \u201cRayo de Luna\u201d, donde se dio a conocer el PEI (Proyecto\u00a0 Educativo Institucional).<\/p>\n<p style=\"text-align: justify;\">Yenny Cuiti\u00f1o O\u00f1ate, Directora del Jard\u00edn Infantil \u201cRayo de Luna\u201d, se\u00f1alo al Equipo del Portal Yungayino.cl, que ellos convocaron hoy a la comunidad para contarles sobre su Proyecto Educativo Institucional, donde destaco que es el \u00fanico jard\u00edn de la comuna que est\u00e1 trabajando en un PEI, donde comenzaron a realizar este trabajo desde el a\u00f1o 2015 con las familias, los ni\u00f1os, el equipo de trabajo y la comunidad educativa, donde en las primeras etapas fue de identidad y diagnostico en que recopilaron informaci\u00f3n importante que ten\u00eda la comuna en conocimiento del establecimiento, donde finalmente en esa etapa pudieron sacar su identidad y diagn\u00f3stico, adem\u00e1s de sacar su sello y valores que tienen como establecimiento.<\/p>\n<p style=\"text-align: justify;\">\n<p style=\"text-align: justify;\">\n<div id=\"fb-root\"><\/div>\n<p><script>(function(d, s, id) {  var js, fjs = d.getElementsByTagName(s)[0];  if (d.getElementById(id)) return;  js = d.createElement(s); js.id = id;  js.src = \"\/\/connect.facebook.net\/es_LA\/sdk.js#xfbml=1&version=v2.3\";  fjs.parentNode.insertBefore(js, fjs);}(document, 'script', 'facebook-jssdk'));<\/script><\/p>\n<div class=\"fb-post\" data-href=\"https:\/\/www.facebook.com\/media\/set\/?set=a.1272178112797225.1073742780.159561284058919&amp;type=3\" data-width=\"500\">\n<div class=\"fb-xfbml-parse-ignore\">\n<blockquote cite=\"https:\/\/www.facebook.com\/media\/set\/?set=a.1272178112797225.1073742780.159561284058919&amp;type=3\">\n<p>YUNGAYINO.CLDirecci&#xf3;n de Jard&#xed;n Infantil &#x201c;Rayo de Luna&#x201d; de Yungay Realiza Reuni&#xf3;n Informativa de su proyecto Educativo&#8230;<\/p>\n<p>Posted by <a href=\"https:\/\/www.facebook.com\/Yungayinocl-159561284058919\/\">Yungayino.cl<\/a> on&nbsp;<a href=\"https:\/\/www.facebook.com\/media\/set\/?set=a.1272178112797225.1073742780.159561284058919&amp;type=3\">martes, 5 de abril de 2016<\/a><\/p><\/blockquote>\n<\/div>\n<\/div>\n<p style=\"text-align: justify;\">\n<p style=\"text-align: justify;\">\n<p style=\"text-align: justify;\">Finalmente la directora se\u00f1alo que este PEI dura aproximadamente 5 a\u00f1os para luego renovarlo de acuerdo a las necesidades que se presenten en el futuro y que su sello finalmente institucional o pedag\u00f3gico tiene que ver con el <strong>\u201cBuen Trato\u201d.<\/strong><\/p>\n<p style=\"text-align: justify;\"><strong>\u00a0<\/strong><\/p>\n<p style=\"text-align: justify;\">[su_button url=\u00bbhttps:\/\/www.facebook.com\/media\/set\/?set=a.1272178112797225.1073742780.159561284058919&amp;type=1&amp;l=080e1f491c\u00bb target=\u00bbblank\u00bb size=\u00bb7&#8243; radius=\u00bbround\u00bb icon=\u00bbicon: facebook-square\u00bb]FOTOGRAF\u00cdAS &#8211; Direcci\u00f3n de Jard\u00edn Infantil \u201cRayo de Luna\u201d de Yungay Realiza Reuni\u00f3n Informativa de su proyecto Educativo Institucional (PEI)[\/su_button]<\/p>\n","protected":false},"excerpt":{"rendered":"<p>Yungay, martes 05 de abril 2016: En las dependencias de la Biblioteca P\u00fablica Oreste Montero se llev\u00f3 a cabo una reuni\u00f3n informativa para la comunidad por parte de la Direcci\u00f3n del Jard\u00edn Infantil \u201cRayo&#46;&#46;&#46;<\/p>\n","protected":false},"author":2,"featured_media":14601,"comment_status":"open","ping_status":"open","sticky":false,"template":"","format":"standard","meta":{"footnotes":""},"categories":[1,32],"tags":[698,1115,8,6,117],"class_list":["post-14600","post","type-post","status-publish","format-standard","has-post-thumbnail","hentry","category-noticias","category-servicios","tag-jardin-rayo-de-luna","tag-noticias","tag-yungay","tag-yungayino","tag-yungayinocl"],"_links":{"self":[{"href":"https:\/\/www.yungayino.cl\/noticias\/index.php?rest_route=\/wp\/v2\/posts\/14600","targetHints":{"allow":["GET"]}}],"collection":[{"href":"https:\/\/www.yungayino.cl\/noticias\/index.php?rest_route=\/wp\/v2\/posts"}],"about":[{"href":"https:\/\/www.yungayino.cl\/noticias\/index.php?rest_route=\/wp\/v2\/types\/post"}],"author":[{"embeddable":true,"href":"https:\/\/www.yungayino.cl\/noticias\/index.php?rest_route=\/wp\/v2\/users\/2"}],"replies":[{"embeddable":true,"href":"https:\/\/www.yungayino.cl\/noticias\/index.php?rest_route=%2Fwp%2Fv2%2Fcomments&post=14600"}],"version-history":[{"count":2,"href":"https:\/\/www.yungayino.cl\/noticias\/index.php?rest_route=\/wp\/v2\/posts\/14600\/revisions"}],"predecessor-version":[{"id":14604,"href":"https:\/\/www.yungayino.cl\/noticias\/index.php?rest_route=\/wp\/v2\/posts\/14600\/revisions\/14604"}],"wp:featuredmedia":[{"embeddable":true,"href":"https:\/\/www.yungayino.cl\/noticias\/index.php?rest_route=\/wp\/v2\/media\/14601"}],"wp:attachment":[{"href":"https:\/\/www.yungayino.cl\/noticias\/index.php?rest_route=%2Fwp%2Fv2%2Fmedia&parent=14600"}],"wp:term":[{"taxonomy":"category","embeddable":true,"href":"https:\/\/www.yungayino.cl\/noticias\/index.php?rest_route=%2Fwp%2Fv2%2Fcategories&post=14600"},{"taxonomy":"post_tag","embeddable":true,"href":"https:\/\/www.yungayino.cl\/noticias\/index.php?rest_route=%2Fwp%2Fv2%2Ftags&post=14600"}],"curies":[{"name":"wp","href":"https:\/\/api.w.org\/{rel}","templated":true}]}}