{"id":14605,"date":"2016-04-05T22:00:40","date_gmt":"2016-04-06T01:00:40","guid":{"rendered":"http:\/\/www.yungayino.cl\/noticias\/?p=14605"},"modified":"2016-04-05T23:22:19","modified_gmt":"2016-04-06T02:22:19","slug":"hogar-de-ancianos-de-yungay-nuestra-senora-de-la-merced-se-adjudica-fondo-concursable-de-establecimientos-de-larga-estadia-elam","status":"publish","type":"post","link":"https:\/\/www.yungayino.cl\/noticias\/?p=14605","title":{"rendered":"Hogar de Ancianos de Yungay \u201cNuestra Se\u00f1ora de la Merced\u201d se Adjudica Fondo Concursable de Establecimientos de Larga Estad\u00eda, (ELAM)"},"content":{"rendered":"<p style=\"text-align: justify;\">Yungay, martes 05 de abril 2016: En la comuna de Pinto con la presencia de la Gobernadora de \u00d1uble, Lorena Vera, la Coordinadora Regional de SENAMA, Carol Lagos y el alcalde de la Comuna de Pinto Sr. Fernando Ch\u00e1vez, se realiz\u00f3 el pasado viernes 01 de abril la firma\u00a0 del convenio de cuatro instituciones de la provincia de \u00d1uble que se adjudicaron el Fondo Subsidio \u201cELAM\u201d de SENAMA, donde el Hogar de Ancianos de Yungay <strong>\u201cNuestra Se\u00f1ora de la Merced\u201d <\/strong>fue una de estas instituciones favorecidas.<\/p>\n<p style=\"text-align: justify;\">\n<div id=\"fb-root\"><\/div>\n<p><script>(function(d, s, id) {  var js, fjs = d.getElementsByTagName(s)[0];  if (d.getElementById(id)) return;  js = d.createElement(s); js.id = id;  js.src = \"\/\/connect.facebook.net\/es_LA\/sdk.js#xfbml=1&version=v2.3\";  fjs.parentNode.insertBefore(js, fjs);}(document, 'script', 'facebook-jssdk'));<\/script><\/p>\n<div class=\"fb-post\" data-href=\"https:\/\/www.facebook.com\/media\/set\/?set=a.1272184882796548.1073742781.159561284058919&amp;type=3\" data-width=\"500\">\n<div class=\"fb-xfbml-parse-ignore\">\n<blockquote cite=\"https:\/\/www.facebook.com\/media\/set\/?set=a.1272184882796548.1073742781.159561284058919&amp;type=3\">\n<p>YUNGAYINO.CLHogar de Ancianos de Yungay &#x201c;Nuestra Se&#xf1;ora de la Merced&#x201d; se Adjudica Fondo Concursable de&#8230;<\/p>\n<p>Posted by <a href=\"https:\/\/www.facebook.com\/Yungayinocl-159561284058919\/\">Yungayino.cl<\/a> on&nbsp;<a href=\"https:\/\/www.facebook.com\/media\/set\/?set=a.1272184882796548.1073742781.159561284058919&amp;type=3\">martes, 5 de abril de 2016<\/a><\/p><\/blockquote>\n<\/div>\n<\/div>\n<p style=\"text-align: justify;\">En la ocasi\u00f3n Carol Lagos destac\u00f3 que los adultos mayores han construido el pa\u00eds que tenemos y son parte de nuestro presente y futuro. Adem\u00e1s, agradeci\u00f3 el trabajo que realiza cada uno de los funcionarios en cada uno de los centros, y enfatiz\u00f3 que \u201ctenemos una gran deuda con los adultos mayores\u201d.<\/p>\n<p style=\"text-align: justify;\">Cabe se\u00f1alar que a trav\u00e9s del programa Subsidio para Establecimientos de Larga Estad\u00eda se entregan servicios de cuidados de larga duraci\u00f3n, que sean de calidad y especializados a personas mayores, de acuerdo a los niveles de dependencia de los mayores.<\/p>\n<p style=\"text-align: justify;\">La Administradora del Hogar Rosa Sep\u00falveda se\u00f1alo al Portal Yungayino.cl su alegr\u00eda y agradecimientos por este importante fondo que se adjudican por segunda vez y que son destinados a financiar nuevas infraestructuras y gastos en la contrataci\u00f3n de profesionales como kinesi\u00f3logo, enfermera y psic\u00f3logo, el cual tambi\u00e9n permite la capacitaci\u00f3n para el personal que atiende a estos 24 abuelitos que formar parte del hogar, finalmente destaco tambi\u00e9n la visita realizada durante esta semana al Hogar de la Coordinadora Regional de SENAMA, Carol Lagos.<\/p>\n<p style=\"text-align: justify;\">[su_button url=\u00bbhttps:\/\/www.facebook.com\/media\/set\/?set=a.1272184882796548.1073742781.159561284058919&amp;type=1&amp;l=b69480cb69&#8243; target=\u00bbblank\u00bb size=\u00bb7&#8243; radius=\u00bbround\u00bb icon=\u00bbicon: facebook-square\u00bb]FOTOGRAF\u00cdAS &#8211; Hogar de Ancianos de Yungay \u201cNuestra Se\u00f1ora de la Merced\u201d se Adjudica Fondo Concursable de Establecimientos de Larga Estad\u00eda, (ELAM)[\/su_button]<\/p>\n","protected":false},"excerpt":{"rendered":"<p>Yungay, martes 05 de abril 2016: En la comuna de Pinto con la presencia de la Gobernadora de \u00d1uble, Lorena Vera, la Coordinadora Regional de SENAMA, Carol Lagos y el alcalde de la Comuna&#46;&#46;&#46;<\/p>\n","protected":false},"author":2,"featured_media":14602,"comment_status":"open","ping_status":"open","sticky":false,"template":"","format":"standard","meta":{"footnotes":""},"categories":[3,1],"tags":[1316,1115,8,6,117],"class_list":["post-14605","post","type-post","status-publish","format-standard","has-post-thumbnail","hentry","category-actualidad","category-noticias","tag-hogar-de-ancianos-nuestra-senora-de-la-merced","tag-noticias","tag-yungay","tag-yungayino","tag-yungayinocl"],"_links":{"self":[{"href":"https:\/\/www.yungayino.cl\/noticias\/index.php?rest_route=\/wp\/v2\/posts\/14605","targetHints":{"allow":["GET"]}}],"collection":[{"href":"https:\/\/www.yungayino.cl\/noticias\/index.php?rest_route=\/wp\/v2\/posts"}],"about":[{"href":"https:\/\/www.yungayino.cl\/noticias\/index.php?rest_route=\/wp\/v2\/types\/post"}],"author":[{"embeddable":true,"href":"https:\/\/www.yungayino.cl\/noticias\/index.php?rest_route=\/wp\/v2\/users\/2"}],"replies":[{"embeddable":true,"href":"https:\/\/www.yungayino.cl\/noticias\/index.php?rest_route=%2Fwp%2Fv2%2Fcomments&post=14605"}],"version-history":[{"count":2,"href":"https:\/\/www.yungayino.cl\/noticias\/index.php?rest_route=\/wp\/v2\/posts\/14605\/revisions"}],"predecessor-version":[{"id":14607,"href":"https:\/\/www.yungayino.cl\/noticias\/index.php?rest_route=\/wp\/v2\/posts\/14605\/revisions\/14607"}],"wp:featuredmedia":[{"embeddable":true,"href":"https:\/\/www.yungayino.cl\/noticias\/index.php?rest_route=\/wp\/v2\/media\/14602"}],"wp:attachment":[{"href":"https:\/\/www.yungayino.cl\/noticias\/index.php?rest_route=%2Fwp%2Fv2%2Fmedia&parent=14605"}],"wp:term":[{"taxonomy":"category","embeddable":true,"href":"https:\/\/www.yungayino.cl\/noticias\/index.php?rest_route=%2Fwp%2Fv2%2Fcategories&post=14605"},{"taxonomy":"post_tag","embeddable":true,"href":"https:\/\/www.yungayino.cl\/noticias\/index.php?rest_route=%2Fwp%2Fv2%2Ftags&post=14605"}],"curies":[{"name":"wp","href":"https:\/\/api.w.org\/{rel}","templated":true}]}}