{"id":14641,"date":"2016-04-16T20:00:44","date_gmt":"2016-04-16T23:00:44","guid":{"rendered":"http:\/\/www.yungayino.cl\/noticias\/?p=14641"},"modified":"2016-04-19T22:25:32","modified_gmt":"2016-04-20T01:25:32","slug":"director-del-hospital-comunitario-de-salud-familiar-pedro-morales-campos-de-yungay-realizo-su-rendicion-de-cuenta-publica-participativa-2015","status":"publish","type":"post","link":"https:\/\/www.yungayino.cl\/noticias\/?p=14641","title":{"rendered":"Director del Hospital Comunitario de Salud Familiar Pedro Morales Campos de Yungay Realizo su Rendici\u00f3n de Cuenta P\u00fablica Participativa 2015"},"content":{"rendered":"<p style=\"text-align: justify;\">Yungay, S\u00e1bado 16 de abril 2016: En el sal\u00f3n de reuni\u00f3n del establecimiento hospitalario el Director, Osvaldo Acevedo Guti\u00e9rrez realiz\u00f3 la Cuenta P\u00fablica Participativa Gesti\u00f3n 2015 del Hospital Comunitario de Salud Familiar Pedro Morales Campos de Yungay.<\/p>\n<p style=\"text-align: justify;\">La actividad cont\u00f3 con la asistencia del alcalde Pedro Inostroza Valenzuela, el Director de Servicio de Salud \u00d1uble Dr. Iv\u00e1n Paul, el Mayor de Carabineros, Don Rodrigo Rosales Cataldo, el Capit\u00e1n de Gendarmer\u00eda Don Rodrigo Sol\u00eds O\u00f1ate, Concejales, Dirigentes del Concejo de Desarrollo, Funcionarios del Hospital, invitados especiales y p\u00fablico en general.<\/p>\n<p style=\"text-align: justify;\">\n<p style=\"text-align: justify;\"><iframe loading=\"lazy\" src=\"https:\/\/www.facebook.com\/plugins\/post.php?href=https:\/\/www.facebook.com\/media\/set\/?set=a.1280261791988857.1073742789.159561284058919&#038;type=1&#038;l=1f0bee878a&#038;width=500&#038;show_text=true&#038;height=691&#038;appId\" width=\"500\" height=\"691\" style=\"border:none;overflow:hidden\" scrolling=\"no\" frameborder=\"0\" allowTransparency=\"true\"><\/iframe>\n<\/p>\n<p style=\"text-align: justify;\">\n<p style=\"text-align: justify;\">\n<p style=\"text-align: justify;\">La actividad se inici\u00f3 con la interpretaci\u00f3n del Himno Nacional para posteriormente iniciar la participaci\u00f3n del Director, Osvaldo Acevedo Guti\u00e9rrez, quien expuso a los asistentes un completo informe de la gesti\u00f3n del centro asistencial en distintos \u00e1mbitos durante el a\u00f1o reci\u00e9n pasado. En su presentaci\u00f3n, el directivo detall\u00f3 los avances y compromisos de sus funcionarios para mejorar la atenci\u00f3n, para lograr un trabajo hospitalario como un centro de mediana complejidad eficiente en todas sus l\u00edneas tanto en dotaci\u00f3n, equipamiento, prestaciones e infraestructura, entre otros. Tambi\u00e9n destac\u00f3 la buena gesti\u00f3n realizada en este periodo, donde se destac\u00f3 la acreditaci\u00f3n que obtuvo el Hospital, pero sin embargo tambi\u00e9n reconoci\u00f3 algunas deficiencias y errores, por lo tanto llamo a todos sus funcionarios a seguir trabajando en ellos por el bien de toda la comunidad.<\/p>\n<p style=\"text-align: justify;\"><!--more--><\/p>\n<p style=\"text-align: justify;\">\n<p style=\"text-align: justify;\">El Dr. Iv\u00e1n Paul, se\u00f1alo al Equipo del Portal Yungayino.cl que como Director de Servicio de Salud \u00d1uble han querido estar presente en esta cuenta p\u00fablica, donde destac\u00f3 la presentaci\u00f3n hecha por el Director Osvaldo Acevedo de la labor extensa realizada durante el a\u00f1o con un resumen completo, d\u00f3nde ha mostrado muy buenos resultados\u00a0 de la gesti\u00f3n del Hospital de Yungay, y han mostrado tambi\u00e9n con mucha franqueza y valent\u00eda cuales son los puntos negativos de algunas metas que no se han podido cumplir y que son muy importantes desde el punto de vista sanitario, y que se ha trazado el mismo y todo su personal o equipo de trabajo en comprometerse con estas metas y otras series de iniciativas, que de ello ya quieren cumplir para el pr\u00f3ximo a\u00f1o. Tambi\u00e9n senal\u00f3 que en esta oportunidad han querido entregar un reconocimiento especial al Director y a todo el Equipo del Hospital, por el esfuerzo y logros obtenidos en esta etapa.<\/p>\n<p style=\"text-align: justify;\">Finalmente el Dr. Iv\u00e1n Paul resalt\u00f3 la Acreditaci\u00f3n de Calidad obtenida por el Hospital de Yungay como un proceso muy importante, ya que se est\u00e1 iniciando en el pa\u00eds, donde quiso aclarar que estar acreditado no significa ser un Hospital perfecto, para no inducir a un error a la comunidad lo que significa que cuando alguien vaya al hospital vea que se hayan suprimidos todos los problemas que se hab\u00edan detectado, sino que la Acreditaci\u00f3n en el fondo es un proceso muy largo, dif\u00edcil engorroso de poder ver todos los procesos que se hacen en un hospital, adem\u00e1s de comprometerse con la comunidad que estos procesos se van hacer con la m\u00e1xima seguridad para los pacientes, donde estos procesos tendr\u00e1n un protocolo, un manual como se realizan, de manera de evitar resultados negativos, en resumen los que trabajan en salud se est\u00e1n comprometiendo a que estos procesos se realicen de muy buena manera y seguridad, se\u00f1alando que nunca en ning\u00fan hospital del mundo probablemente va a lograr un \u00edndice de eventos adversos o resultados negativos cero, pero\u00a0 que a trav\u00e9s de este proceso de acreditaci\u00f3n se trata de minimizar esto y que las personas tengan la mejor atenci\u00f3n y la m\u00e1s segura.<\/p>\n<p style=\"text-align: justify;\">Finalmente la Cuenta P\u00fablica termino con la participaci\u00f3n de todos los presentes, quienes trabajaron en 8 mesas de trabajos con el objetivo de plantear sus inquietudes, necesidades y sugerencias, para luego exponerlas a todos.<\/p>\n<p style=\"text-align: justify;\">[su_button url=\u00bbhttps:\/\/www.facebook.com\/media\/set\/?set=a.1280261791988857.1073742789.159561284058919&amp;type=1&amp;l=1f0bee878a\u00bb target=\u00bbblank\u00bb size=\u00bb7&#8243; radius=\u00bbround\u00bb icon=\u00bbicon: facebook-square\u00bb]FOTOGRAF\u00cdAS &#8211; Director del Hospital Comunitario de Salud Familiar Pedro Morales Campos de Yungay Realizo su Rendici\u00f3n de Cuenta P\u00fablica Participativa 2015[\/su_button]<\/p>\n","protected":false},"excerpt":{"rendered":"<p>Yungay, S\u00e1bado 16 de abril 2016: En el sal\u00f3n de reuni\u00f3n del establecimiento hospitalario el Director, Osvaldo Acevedo Guti\u00e9rrez realiz\u00f3 la Cuenta P\u00fablica Participativa Gesti\u00f3n 2015 del Hospital Comunitario de Salud Familiar Pedro Morales&#46;&#46;&#46;<\/p>\n","protected":false},"author":2,"featured_media":14642,"comment_status":"open","ping_status":"open","sticky":false,"template":"","format":"standard","meta":{"footnotes":""},"categories":[3,1],"tags":[659,238,1115,8,6,117],"class_list":["post-14641","post","type-post","status-publish","format-standard","has-post-thumbnail","hentry","category-actualidad","category-noticias","tag-cuenta-publica-2012","tag-hospital-pedro-morales-campos","tag-noticias","tag-yungay","tag-yungayino","tag-yungayinocl"],"_links":{"self":[{"href":"https:\/\/www.yungayino.cl\/noticias\/index.php?rest_route=\/wp\/v2\/posts\/14641","targetHints":{"allow":["GET"]}}],"collection":[{"href":"https:\/\/www.yungayino.cl\/noticias\/index.php?rest_route=\/wp\/v2\/posts"}],"about":[{"href":"https:\/\/www.yungayino.cl\/noticias\/index.php?rest_route=\/wp\/v2\/types\/post"}],"author":[{"embeddable":true,"href":"https:\/\/www.yungayino.cl\/noticias\/index.php?rest_route=\/wp\/v2\/users\/2"}],"replies":[{"embeddable":true,"href":"https:\/\/www.yungayino.cl\/noticias\/index.php?rest_route=%2Fwp%2Fv2%2Fcomments&post=14641"}],"version-history":[{"count":4,"href":"https:\/\/www.yungayino.cl\/noticias\/index.php?rest_route=\/wp\/v2\/posts\/14641\/revisions"}],"predecessor-version":[{"id":14677,"href":"https:\/\/www.yungayino.cl\/noticias\/index.php?rest_route=\/wp\/v2\/posts\/14641\/revisions\/14677"}],"wp:featuredmedia":[{"embeddable":true,"href":"https:\/\/www.yungayino.cl\/noticias\/index.php?rest_route=\/wp\/v2\/media\/14642"}],"wp:attachment":[{"href":"https:\/\/www.yungayino.cl\/noticias\/index.php?rest_route=%2Fwp%2Fv2%2Fmedia&parent=14641"}],"wp:term":[{"taxonomy":"category","embeddable":true,"href":"https:\/\/www.yungayino.cl\/noticias\/index.php?rest_route=%2Fwp%2Fv2%2Fcategories&post=14641"},{"taxonomy":"post_tag","embeddable":true,"href":"https:\/\/www.yungayino.cl\/noticias\/index.php?rest_route=%2Fwp%2Fv2%2Ftags&post=14641"}],"curies":[{"name":"wp","href":"https:\/\/api.w.org\/{rel}","templated":true}]}}