{"id":14688,"date":"2016-04-22T19:00:54","date_gmt":"2016-04-22T22:00:54","guid":{"rendered":"http:\/\/www.yungayino.cl\/noticias\/?p=14688"},"modified":"2016-05-01T16:17:50","modified_gmt":"2016-05-01T19:17:50","slug":"en-colegio-cholguan-se-realizo-actividad-por-el-dia-internacional-del-libro","status":"publish","type":"post","link":"https:\/\/www.yungayino.cl\/noticias\/?p=14688","title":{"rendered":"En Colegio Cholgu\u00e1n se Realiz\u00f3 Actividad por el \u201cD\u00cdA INTERNACIONAL DEL LIBRO\u201d"},"content":{"rendered":"<p style=\"text-align: justify;\"><img loading=\"lazy\" decoding=\"async\" class=\"alignnone size-full wp-image-14689\" src=\"http:\/\/www.yungayino.cl\/noticias\/wp-content\/uploads\/2016\/04\/dia_libro_cholguan_2016.jpg\" alt=\"dia_libro_cholguan_2016\" width=\"700\" height=\"350\" srcset=\"https:\/\/www.yungayino.cl\/noticias\/wp-content\/uploads\/2016\/04\/dia_libro_cholguan_2016.jpg 700w, https:\/\/www.yungayino.cl\/noticias\/wp-content\/uploads\/2016\/04\/dia_libro_cholguan_2016-300x150.jpg 300w\" sizes=\"auto, (max-width: 700px) 100vw, 700px\" \/><\/p>\n<p style=\"text-align: justify;\">Cholgu\u00e1n, viernes 22 de abril 2016: En las dependencias del Colegio Cholgu\u00e1n se realiz\u00f3 un acto con motivo de la celebraci\u00f3n del <strong>\u201cD\u00eda Internacional del Libro\u201d, <\/strong>cuya fecha oficial es el 23 de abril, d\u00eda en que el anti poeta y escritor Nicanor Parra recibi\u00f3 el Premio Cervantes, adem\u00e1s se\u00f1alar que fue el d\u00eda promulgado por la UNESCO en 1995, y que tiene como objetivo fomentar la lectura, la industria editorial y la protecci\u00f3n de la propiedad intelectual por medio del derecho de autor.<\/p>\n<p style=\"text-align: justify;\"><iframe loading=\"lazy\" style=\"border: none; overflow: hidden;\" src=\"https:\/\/www.facebook.com\/plugins\/post.php?href=https:\/\/www.facebook.com\/media\/set\/?set=a.1284411808240522.1073742797.159561284058919&amp;type=1&amp;l=cd75d4563b&amp;l=687b6bf5da&amp;width=500&amp;show_text=true&amp;height=691&amp;appId\" width=\"500\" height=\"691\" frameborder=\"0\" scrolling=\"no\"><\/iframe><\/p>\n<p style=\"text-align: justify;\">La actividad estuvo liderada por su Directora Cesia Leiva, adem\u00e1s de los Profesores y Alumnos, quienes aplaudieron las diferentes presentaciones realizadas por los alumnos.<\/p>\n<p style=\"text-align: justify;\">Finalmente destacar que durante toda la jornada los alumnos y profesores realizaron exposiciones, adem\u00e1s de disfrazarse y leer cuentos a los ni\u00f1os m\u00e1s peque\u00f1os como una manera de incentivar la lectura.<\/p>\n<p style=\"text-align: justify;\">[su_button url=\u00bbhttps:\/\/www.facebook.com\/media\/set\/?set=a.1284411808240522.1073742797.159561284058919&amp;type=1&amp;l=cd75d4563b\u00bb target=\u00bbblank\u00bb size=\u00bb7&#8243; radius=\u00bbround\u00bb icon=\u00bbicon: facebook-square\u00bb]FOTOGRAF\u00cdAS &#8211; En Colegio Cholgu\u00e1n se Realiz\u00f3 Actividad por el \u201cD\u00cdA INTERNACIONAL DEL LIBRO\u201d[\/su_button]<\/p>\n","protected":false},"excerpt":{"rendered":"<p>Cholgu\u00e1n, viernes 22 de abril 2016: En las dependencias del Colegio Cholgu\u00e1n se realiz\u00f3 un acto con motivo de la celebraci\u00f3n del \u201cD\u00eda Internacional del Libro\u201d, cuya fecha oficial es el 23 de abril,&#46;&#46;&#46;<\/p>\n","protected":false},"author":2,"featured_media":14689,"comment_status":"open","ping_status":"open","sticky":false,"template":"","format":"standard","meta":{"footnotes":""},"categories":[5,1],"tags":[35,87,484,1115,8,6,117],"class_list":["post-14688","post","type-post","status-publish","format-standard","has-post-thumbnail","hentry","category-eventos","category-noticias","tag-cholguan","tag-colegio-cholguan","tag-dia-del-libro","tag-noticias","tag-yungay","tag-yungayino","tag-yungayinocl"],"_links":{"self":[{"href":"https:\/\/www.yungayino.cl\/noticias\/index.php?rest_route=\/wp\/v2\/posts\/14688","targetHints":{"allow":["GET"]}}],"collection":[{"href":"https:\/\/www.yungayino.cl\/noticias\/index.php?rest_route=\/wp\/v2\/posts"}],"about":[{"href":"https:\/\/www.yungayino.cl\/noticias\/index.php?rest_route=\/wp\/v2\/types\/post"}],"author":[{"embeddable":true,"href":"https:\/\/www.yungayino.cl\/noticias\/index.php?rest_route=\/wp\/v2\/users\/2"}],"replies":[{"embeddable":true,"href":"https:\/\/www.yungayino.cl\/noticias\/index.php?rest_route=%2Fwp%2Fv2%2Fcomments&post=14688"}],"version-history":[{"count":2,"href":"https:\/\/www.yungayino.cl\/noticias\/index.php?rest_route=\/wp\/v2\/posts\/14688\/revisions"}],"predecessor-version":[{"id":14787,"href":"https:\/\/www.yungayino.cl\/noticias\/index.php?rest_route=\/wp\/v2\/posts\/14688\/revisions\/14787"}],"wp:featuredmedia":[{"embeddable":true,"href":"https:\/\/www.yungayino.cl\/noticias\/index.php?rest_route=\/wp\/v2\/media\/14689"}],"wp:attachment":[{"href":"https:\/\/www.yungayino.cl\/noticias\/index.php?rest_route=%2Fwp%2Fv2%2Fmedia&parent=14688"}],"wp:term":[{"taxonomy":"category","embeddable":true,"href":"https:\/\/www.yungayino.cl\/noticias\/index.php?rest_route=%2Fwp%2Fv2%2Fcategories&post=14688"},{"taxonomy":"post_tag","embeddable":true,"href":"https:\/\/www.yungayino.cl\/noticias\/index.php?rest_route=%2Fwp%2Fv2%2Ftags&post=14688"}],"curies":[{"name":"wp","href":"https:\/\/api.w.org\/{rel}","templated":true}]}}