{"id":14701,"date":"2016-04-25T10:00:03","date_gmt":"2016-04-25T13:00:03","guid":{"rendered":"http:\/\/www.yungayino.cl\/noticias\/?p=14701"},"modified":"2016-05-01T16:16:08","modified_gmt":"2016-05-01T19:16:08","slug":"pareja-yungayina-de-nicole-acuna-y-abel-fernandez-clasifican-a-fase-regional-de-cueca","status":"publish","type":"post","link":"https:\/\/www.yungayino.cl\/noticias\/?p=14701","title":{"rendered":"Pareja Yungayina de Nicole Acu\u00f1a y Abel Fern\u00e1ndez Clasifican a Fase Regional de Cueca"},"content":{"rendered":"<p style=\"text-align: justify;\"><img loading=\"lazy\" decoding=\"async\" class=\"alignnone size-full wp-image-14702\" src=\"http:\/\/www.yungayino.cl\/noticias\/wp-content\/uploads\/2016\/04\/provincial_cueca_adultos_2016.jpg\" alt=\"provincial_cueca_adultos_2016\" width=\"700\" height=\"350\" srcset=\"https:\/\/www.yungayino.cl\/noticias\/wp-content\/uploads\/2016\/04\/provincial_cueca_adultos_2016.jpg 700w, https:\/\/www.yungayino.cl\/noticias\/wp-content\/uploads\/2016\/04\/provincial_cueca_adultos_2016-300x150.jpg 300w\" sizes=\"auto, (max-width: 700px) 100vw, 700px\" \/><\/p>\n<p style=\"text-align: justify;\">Yungay, lunes 25 de abril 2016: La pareja Yungayina de <strong>Nicole Acu\u00f1a y Abel Fern\u00e1ndez,<\/strong> clasificaron a la Fase Regional de Cueca luego de ganar este fin de semana en la Fase Provincial de la Categor\u00eda Adulto en la 43\u00b0 Versi\u00f3n del \u201cCampeonato Cueca Adulto Arica 2016\u201d, organizado por la Ilustre Municipalidad de Yungay.<\/p>\n<p style=\"text-align: justify;\"><iframe loading=\"lazy\" src=\"https:\/\/www.facebook.com\/plugins\/post.php?href=https:\/\/www.facebook.com\/media\/set\/?set=a.1286320298049673.1073742799.159561284058919&#038;type=1&#038;l=f5951f1994&#038;l=a77e327dc6&#038;l=f5951f1994&#038;l=bfecbb8adf&#038;l=687b6bf5da&#038;width=500&#038;show_text=true&#038;height=691&#038;appId\" width=\"500\" height=\"691\" style=\"border:none;overflow:hidden\" scrolling=\"no\" frameborder=\"0\" allowTransparency=\"true\"><\/iframe>\n<\/p>\n<p style=\"text-align: justify;\">El evento que se llev\u00f3 a cabo a partir de las 16:00 horas en el Gimnasio Multiuso y donde participaron representantes de diferentes comunas de la Provincia de \u00d1uble, quienes buscaban clasificar y obtener uno de los tres cupos para la Fase Regional que se disputar\u00e1 pr\u00f3ximamente en la comuna de Tom\u00e9.<\/p>\n<p style=\"text-align: justify;\">Esta gran fiesta del baile nacional cont\u00f3 con la presencia del alcalde Pedro Inostroza Valenzuela, el Diputado de la Rep\u00fablica Carlos Abel Jarpa, los concejales Rafael Cifuentes, Marco Cuevas, Ang\u00e9lica Cabezas y Juana Sandoval.<\/p>\n<p style=\"text-align: justify;\">Finalmente destacar que el jurado estuvo compuesto por Mauricio Beltr\u00e1n, Marcia Suazo y Lorena Orme\u00f1o, quienes fueron los encargados de elegir a las 3 parejas ganadoras de este evento, el cual fue amenizado por los conjuntos folcl\u00f3ricos \u201cEntre Mares\u201d de Talcahuano y \u201cBrotes de Punta y Taco\u201d de Temuco.<\/p>\n<p style=\"text-align: justify;\">[su_button url=\u00bbhttps:\/\/www.facebook.com\/media\/set\/?set=a.1286320298049673.1073742799.159561284058919&amp;type=1&amp;l=f5951f1994&#8243; target=\u00bbblank\u00bb size=\u00bb7&#8243; radius=\u00bbround\u00bb icon=\u00bbicon: facebook-square\u00bb]FOTOGRAF\u00cdAS &#8211; Pareja Yungayina de Nicole Acu\u00f1a y Abel Fern\u00e1ndez Clasifican a Fase Regional de Cueca[\/su_button]<\/p>\n","protected":false},"excerpt":{"rendered":"<p>Yungay, lunes 25 de abril 2016: La pareja Yungayina de Nicole Acu\u00f1a y Abel Fern\u00e1ndez, clasificaron a la Fase Regional de Cueca luego de ganar este fin de semana en la Fase Provincial de&#46;&#46;&#46;<\/p>\n","protected":false},"author":2,"featured_media":14702,"comment_status":"open","ping_status":"open","sticky":false,"template":"","format":"standard","meta":{"footnotes":""},"categories":[3,5,1],"tags":[1329,1331,67,1330,1328,1115,526,8,6,117],"class_list":["post-14701","post","type-post","status-publish","format-standard","has-post-thumbnail","hentry","category-actualidad","category-eventos","category-noticias","tag-abel-fernandez","tag-brotes-de-punta-y-taco","tag-cueca","tag-entre-mares","tag-nicole-acuna","tag-noticias","tag-provincial-cueca","tag-yungay","tag-yungayino","tag-yungayinocl"],"_links":{"self":[{"href":"https:\/\/www.yungayino.cl\/noticias\/index.php?rest_route=\/wp\/v2\/posts\/14701","targetHints":{"allow":["GET"]}}],"collection":[{"href":"https:\/\/www.yungayino.cl\/noticias\/index.php?rest_route=\/wp\/v2\/posts"}],"about":[{"href":"https:\/\/www.yungayino.cl\/noticias\/index.php?rest_route=\/wp\/v2\/types\/post"}],"author":[{"embeddable":true,"href":"https:\/\/www.yungayino.cl\/noticias\/index.php?rest_route=\/wp\/v2\/users\/2"}],"replies":[{"embeddable":true,"href":"https:\/\/www.yungayino.cl\/noticias\/index.php?rest_route=%2Fwp%2Fv2%2Fcomments&post=14701"}],"version-history":[{"count":4,"href":"https:\/\/www.yungayino.cl\/noticias\/index.php?rest_route=\/wp\/v2\/posts\/14701\/revisions"}],"predecessor-version":[{"id":14784,"href":"https:\/\/www.yungayino.cl\/noticias\/index.php?rest_route=\/wp\/v2\/posts\/14701\/revisions\/14784"}],"wp:featuredmedia":[{"embeddable":true,"href":"https:\/\/www.yungayino.cl\/noticias\/index.php?rest_route=\/wp\/v2\/media\/14702"}],"wp:attachment":[{"href":"https:\/\/www.yungayino.cl\/noticias\/index.php?rest_route=%2Fwp%2Fv2%2Fmedia&parent=14701"}],"wp:term":[{"taxonomy":"category","embeddable":true,"href":"https:\/\/www.yungayino.cl\/noticias\/index.php?rest_route=%2Fwp%2Fv2%2Fcategories&post=14701"},{"taxonomy":"post_tag","embeddable":true,"href":"https:\/\/www.yungayino.cl\/noticias\/index.php?rest_route=%2Fwp%2Fv2%2Ftags&post=14701"}],"curies":[{"name":"wp","href":"https:\/\/api.w.org\/{rel}","templated":true}]}}