{"id":14713,"date":"2016-04-26T18:00:23","date_gmt":"2016-04-26T21:00:23","guid":{"rendered":"http:\/\/www.yungayino.cl\/noticias\/?p=14713"},"modified":"2016-05-01T16:12:59","modified_gmt":"2016-05-01T19:12:59","slug":"en-yungay-la-oficina-de-proteccion-de-derechos-de-la-infancia-realizo-jornada-de-elaboracion-diagnostico-local-de-infancia","status":"publish","type":"post","link":"https:\/\/www.yungayino.cl\/noticias\/?p=14713","title":{"rendered":"En Yungay la Oficina de Protecci\u00f3n de Derechos de la Infancia Realiz\u00f3 \u201cJornada de Elaboraci\u00f3n Diagn\u00f3stico Local de Infancia\u201d"},"content":{"rendered":"<p style=\"text-align: justify;\"><img loading=\"lazy\" decoding=\"async\" class=\"alignnone size-full wp-image-14714\" src=\"http:\/\/www.yungayino.cl\/noticias\/wp-content\/uploads\/2016\/04\/opd_jornada_201604.jpg\" alt=\"opd_jornada_201604\" width=\"700\" height=\"350\" srcset=\"https:\/\/www.yungayino.cl\/noticias\/wp-content\/uploads\/2016\/04\/opd_jornada_201604.jpg 700w, https:\/\/www.yungayino.cl\/noticias\/wp-content\/uploads\/2016\/04\/opd_jornada_201604-300x150.jpg 300w\" sizes=\"auto, (max-width: 700px) 100vw, 700px\" \/><\/p>\n<p style=\"text-align: justify;\">Yungay, martes 26 de abril 2016: La Oficina de Protecci\u00f3n de Derechos de la Infancia (OPD Asociaci\u00f3n Laja Diguillin) en conjunto con la Red de Infancia Comunal compuesta por profesionales de la Municipalidad, OPD Asociaci\u00f3n Laja Diguillin, Daem, PPF Antum\u00e1vida, PRM.Adra, Junji, Integra, Colegio Cholgu\u00e1n, Colegio Nueva Esperanza, Liceo Yungay, Liceo Campanario, Escuela Fernando Baquedano, Carabineros y Tribunal de la Familia, realizaron una jornada denominada <strong>\u201cElaboraci\u00f3n Diagn\u00f3stico Local de Infancia\u201d.<\/strong><\/p>\n<p style=\"text-align: justify;\"><strong>\u00a0<\/strong><\/p>\n<p style=\"text-align: justify;\"><strong><br \/>\n<iframe loading=\"lazy\" style=\"border: none; overflow: hidden;\" src=\"https:\/\/www.facebook.com\/plugins\/post.php?href=https:\/\/www.facebook.com\/media\/set\/?set=a.1287339534614416.1073742801.159561284058919&amp;type=1&amp;l=9e69954c1c&amp;l=a77e327dc6&amp;l=f5951f1994&amp;l=bfecbb8adf&amp;l=687b6bf5da&amp;width=500&amp;show_text=true&amp;height=691&amp;appId\" width=\"500\" height=\"691\" frameborder=\"0\" scrolling=\"no\"><\/iframe><\/strong><\/p>\n<p style=\"text-align: justify;\"><strong>\u00a0<\/strong><\/p>\n<p style=\"text-align: justify;\"><strong>\u00a0<\/strong><\/p>\n<p style=\"text-align: justify;\">El objetivo de esta jornada es recoger todas las opiniones e inquietudes relacionadas con la infancia y adolescencia de nuestra comuna y as\u00ed obtener de este modo las perspectivas tanto de profesionales, autoridades, profesores, dirigentes vecinales y por sobretodos de los ni\u00f1os, ni\u00f1as y adolescentes, todo esto en funci\u00f3n de desarrollar una labor conjunta en pos del bienestar de la infancia y adolescencia, as\u00ed lo se\u00f1alo al Equipo del Portal Yungayino.cl la Coordinadora de la OPD Asociaci\u00f3n Laja Diguillin, Karen Valenzuela.<\/p>\n<p style=\"text-align: justify;\">Finalmente se\u00f1alar que los asistentes trabajaron divididos en cinco mesas de trabajos en los temas de Salud, Medio Ambiente, Participaci\u00f3n, Educaci\u00f3n y Familia, donde recopilaron las principales ideas para finalizar con la exposici\u00f3n de cada una de estas mesas de trabajo.<\/p>\n<p style=\"text-align: justify;\"><strong>[su_button url=\u00bbhttps:\/\/www.facebook.com\/media\/set\/?set=a.1287339534614416.1073742801.159561284058919&amp;type=1&amp;l=9e69954c1c\u00bb target=\u00bbblank\u00bb size=\u00bb7&#8243; radius=\u00bbround\u00bb icon=\u00bbicon: facebook-square\u00bb]FOTOGRAF\u00cdAS &#8211; En Yungay la Oficina de Protecci\u00f3n de Derechos de la Infancia Realiz\u00f3 \u201cJornada de Elaboraci\u00f3n Diagn\u00f3stico Local de Infancia\u201d[\/su_button]<\/strong><\/p>\n","protected":false},"excerpt":{"rendered":"<p>Yungay, martes 26 de abril 2016: La Oficina de Protecci\u00f3n de Derechos de la Infancia (OPD Asociaci\u00f3n Laja Diguillin) en conjunto con la Red de Infancia Comunal compuesta por profesionales de la Municipalidad, OPD&#46;&#46;&#46;<\/p>\n","protected":false},"author":2,"featured_media":14714,"comment_status":"open","ping_status":"open","sticky":false,"template":"","format":"standard","meta":{"footnotes":""},"categories":[1],"tags":[1115,407,8,6,117],"class_list":["post-14713","post","type-post","status-publish","format-standard","has-post-thumbnail","hentry","category-noticias","tag-noticias","tag-opd","tag-yungay","tag-yungayino","tag-yungayinocl"],"_links":{"self":[{"href":"https:\/\/www.yungayino.cl\/noticias\/index.php?rest_route=\/wp\/v2\/posts\/14713","targetHints":{"allow":["GET"]}}],"collection":[{"href":"https:\/\/www.yungayino.cl\/noticias\/index.php?rest_route=\/wp\/v2\/posts"}],"about":[{"href":"https:\/\/www.yungayino.cl\/noticias\/index.php?rest_route=\/wp\/v2\/types\/post"}],"author":[{"embeddable":true,"href":"https:\/\/www.yungayino.cl\/noticias\/index.php?rest_route=\/wp\/v2\/users\/2"}],"replies":[{"embeddable":true,"href":"https:\/\/www.yungayino.cl\/noticias\/index.php?rest_route=%2Fwp%2Fv2%2Fcomments&post=14713"}],"version-history":[{"count":3,"href":"https:\/\/www.yungayino.cl\/noticias\/index.php?rest_route=\/wp\/v2\/posts\/14713\/revisions"}],"predecessor-version":[{"id":14781,"href":"https:\/\/www.yungayino.cl\/noticias\/index.php?rest_route=\/wp\/v2\/posts\/14713\/revisions\/14781"}],"wp:featuredmedia":[{"embeddable":true,"href":"https:\/\/www.yungayino.cl\/noticias\/index.php?rest_route=\/wp\/v2\/media\/14714"}],"wp:attachment":[{"href":"https:\/\/www.yungayino.cl\/noticias\/index.php?rest_route=%2Fwp%2Fv2%2Fmedia&parent=14713"}],"wp:term":[{"taxonomy":"category","embeddable":true,"href":"https:\/\/www.yungayino.cl\/noticias\/index.php?rest_route=%2Fwp%2Fv2%2Fcategories&post=14713"},{"taxonomy":"post_tag","embeddable":true,"href":"https:\/\/www.yungayino.cl\/noticias\/index.php?rest_route=%2Fwp%2Fv2%2Ftags&post=14713"}],"curies":[{"name":"wp","href":"https:\/\/api.w.org\/{rel}","templated":true}]}}