{"id":14717,"date":"2016-04-26T21:00:36","date_gmt":"2016-04-27T00:00:36","guid":{"rendered":"http:\/\/www.yungayino.cl\/noticias\/?p=14717"},"modified":"2016-05-01T16:12:10","modified_gmt":"2016-05-01T19:12:10","slug":"multitudinario-y-emotivo-funeral-de-joven-parvularia-manuela-hernandez-baeza-de-yungay","status":"publish","type":"post","link":"https:\/\/www.yungayino.cl\/noticias\/?p=14717","title":{"rendered":"Multitudinario y Emotivo Funeral de Joven Parvularia Manuela Hern\u00e1ndez Baeza de Yungay"},"content":{"rendered":"<p style=\"text-align: justify;\"><img loading=\"lazy\" decoding=\"async\" class=\"alignnone size-full wp-image-14718\" src=\"http:\/\/www.yungayino.cl\/noticias\/wp-content\/uploads\/2016\/04\/funeral_manuela_hernandez.jpg\" alt=\"funeral_manuela_hernandez\" width=\"700\" height=\"393\" srcset=\"https:\/\/www.yungayino.cl\/noticias\/wp-content\/uploads\/2016\/04\/funeral_manuela_hernandez.jpg 700w, https:\/\/www.yungayino.cl\/noticias\/wp-content\/uploads\/2016\/04\/funeral_manuela_hernandez-300x168.jpg 300w, https:\/\/www.yungayino.cl\/noticias\/wp-content\/uploads\/2016\/04\/funeral_manuela_hernandez-267x150.jpg 267w\" sizes=\"auto, (max-width: 700px) 100vw, 700px\" \/><\/p>\n<p style=\"text-align: justify;\">Yungay, martes 26 de Abril 2016: A las 16:00 horas se llev\u00f3 a cabo un multitudinario y emotivo funeral de la joven Parvularia, Manuela Adelaida Hern\u00e1ndez Baeza de Yungay, quien falleciera el pasado domingo a la edad de 31 a\u00f1os producto de un accidente automovil\u00edstico ocurrido en la ruta Cabrero-Concepci\u00f3n.<\/p>\n<p style=\"text-align: justify;\"><iframe loading=\"lazy\" style=\"border: none; overflow: hidden;\" src=\"https:\/\/www.facebook.com\/plugins\/post.php?href=https:\/\/www.facebook.com\/media\/set\/?set=a.1287406587941044.1073742802.159561284058919&amp;type=1&amp;l=acde6435db&amp;l=a77e327dc6&amp;l=f5951f1994&amp;l=bfecbb8adf&amp;l=687b6bf5da&amp;width=500&amp;show_text=true&amp;height=691&amp;appId\" width=\"500\" height=\"691\" frameborder=\"0\" scrolling=\"no\"><\/iframe><\/p>\n<p style=\"text-align: justify;\">Destacar que Manuela Adelaida Hern\u00e1ndez Baeza (Q.E.P.D), se destac\u00f3 en su trayectoria por su abnegada carrera de parvulario entregando siempre amor a los ni\u00f1os y ni\u00f1as en la Sala Cuna y Jard\u00edn Infantil \u201cMundo de Amor\u201d ubicado en la Villa Trilaleo.<\/p>\n<p style=\"text-align: justify;\">El servicio f\u00fanebre comenz\u00f3 en calle Angamos para continuar a la Parroquia San Miguel, d\u00f3nde se realiz\u00f3 una emotiva misa, a la cu\u00e1l llegaron autoridades comunales, compa\u00f1eros de labores, profesores, amigos, familiares y p\u00fablico en general para dar el \u00faltimo adi\u00f3s.<\/p>\n<p style=\"text-align: justify;\">Finalmente los restos de Manuela Adelaida Hern\u00e1ndez Baeza fueron llevados al Cementerio de Yungay donde en el recorrido por las calles la comunidad le brindo el \u00faltimo adi\u00f3s.<\/p>\n<p style=\"text-align: justify;\">[su_button url=\u00bbhttps:\/\/www.facebook.com\/media\/set\/?set=a.1287406587941044.1073742802.159561284058919&amp;type=1&amp;l=acde6435db\u00bb target=\u00bbblank\u00bb size=\u00bb7&#8243; radius=\u00bbround\u00bb icon=\u00bbicon: facebook-square\u00bb]FOTOGRAF\u00cdAS &#8211; Multitudinario y Emotivo Funeral de Joven Parvularia Manuela Hern\u00e1ndez Baeza de Yungay[\/su_button]<\/p>\n","protected":false},"excerpt":{"rendered":"<p>Yungay, martes 26 de Abril 2016: A las 16:00 horas se llev\u00f3 a cabo un multitudinario y emotivo funeral de la joven Parvularia, Manuela Adelaida Hern\u00e1ndez Baeza de Yungay, quien falleciera el pasado domingo&#46;&#46;&#46;<\/p>\n","protected":false},"author":2,"featured_media":14718,"comment_status":"open","ping_status":"open","sticky":false,"template":"","format":"standard","meta":{"footnotes":""},"categories":[1],"tags":[1332,1115,8,6,117],"class_list":["post-14717","post","type-post","status-publish","format-standard","has-post-thumbnail","hentry","category-noticias","tag-manuela-hernandez","tag-noticias","tag-yungay","tag-yungayino","tag-yungayinocl"],"_links":{"self":[{"href":"https:\/\/www.yungayino.cl\/noticias\/index.php?rest_route=\/wp\/v2\/posts\/14717","targetHints":{"allow":["GET"]}}],"collection":[{"href":"https:\/\/www.yungayino.cl\/noticias\/index.php?rest_route=\/wp\/v2\/posts"}],"about":[{"href":"https:\/\/www.yungayino.cl\/noticias\/index.php?rest_route=\/wp\/v2\/types\/post"}],"author":[{"embeddable":true,"href":"https:\/\/www.yungayino.cl\/noticias\/index.php?rest_route=\/wp\/v2\/users\/2"}],"replies":[{"embeddable":true,"href":"https:\/\/www.yungayino.cl\/noticias\/index.php?rest_route=%2Fwp%2Fv2%2Fcomments&post=14717"}],"version-history":[{"count":2,"href":"https:\/\/www.yungayino.cl\/noticias\/index.php?rest_route=\/wp\/v2\/posts\/14717\/revisions"}],"predecessor-version":[{"id":14780,"href":"https:\/\/www.yungayino.cl\/noticias\/index.php?rest_route=\/wp\/v2\/posts\/14717\/revisions\/14780"}],"wp:featuredmedia":[{"embeddable":true,"href":"https:\/\/www.yungayino.cl\/noticias\/index.php?rest_route=\/wp\/v2\/media\/14718"}],"wp:attachment":[{"href":"https:\/\/www.yungayino.cl\/noticias\/index.php?rest_route=%2Fwp%2Fv2%2Fmedia&parent=14717"}],"wp:term":[{"taxonomy":"category","embeddable":true,"href":"https:\/\/www.yungayino.cl\/noticias\/index.php?rest_route=%2Fwp%2Fv2%2Fcategories&post=14717"},{"taxonomy":"post_tag","embeddable":true,"href":"https:\/\/www.yungayino.cl\/noticias\/index.php?rest_route=%2Fwp%2Fv2%2Ftags&post=14717"}],"curies":[{"name":"wp","href":"https:\/\/api.w.org\/{rel}","templated":true}]}}