{"id":1472,"date":"2009-07-23T21:00:43","date_gmt":"2009-07-24T01:00:43","guid":{"rendered":"http:\/\/www.yungayino.cl\/noticias\/?p=1472"},"modified":"2009-07-24T12:32:20","modified_gmt":"2009-07-24T16:32:20","slug":"plan-de-comunas-vulnerables-en-yungay","status":"publish","type":"post","link":"https:\/\/www.yungayino.cl\/noticias\/?p=1472","title":{"rendered":"Plan de Comunas Vulnerables en Yungay"},"content":{"rendered":"<p><img decoding=\"async\" src=\"http:\/\/www.yungayino.cl\/imagenes\/comunasvulnerables.jpg\" alt=\"Plan de Comunas Vulnerables en Yungay\" \/><\/p>\n<p align=\"justify\"><font size=\"2\">Jueves 23 de Julio, importante asamblea comunal se llevo a cabo en la Escuela Santa Irma, sector San Antonio, comunidad rural distante a 21 Km. de Yungay, donde un centenar de personas de los sectores de El Avellano, Los Laureles, F\u00e1tima, Santa Luc\u00eda Alto y Bajo pudieron participar de este Plan que el Ministerio de Salud est\u00e1 desarrollando en 92 comunas del Pa\u00eds y donde Yungay es una de las 12 vulnerables de la Provincia de \u00d1uble, siendo favorecida con este proyecto por un monto de 9 millones de pesos. La actividad se inicio a las 10:00 horas, donde la coordinadora provincial del programa Comunas Vulnerables del Ministerio Salud \u00d1uble, Carina Roco Leiva dio la bienvenida y realizo la presentaci\u00f3n de este programa que adem\u00e1s cont\u00f3 con el apoyo del Alcalde, directores de centros de Salud, jefes municipales de \u00e1reas como educaci\u00f3n, vivienda, desarrollo comunitario, concejales, lideres de junta de vecinos y monitores locales quienes conformaron 4 grupos, Educaci\u00f3n-Trabajo-Salud-Vivienda y donde las personas tuvieron una participaci\u00f3n directa y activa expresando sus opiniones, experiencia y necesidades lo que les permiti\u00f3 identificar todas las barreras que les dificultan el acceso a salud y a la red de servicios, para as\u00ed mejorar la calidad de vida  de estas comunidades. Finalmente a las 16:00 horas concluyo esta actividad donde las personas se mostraron muy contentas por su participaci\u00f3n y acuerdos tomados lo que les permitir\u00e1 invertir este monto en las necesidades primordiales de su comunidad.<br \/>\n<a href=\"http:\/\/www.yungayino.cl\/noticias\/?p=1472#comments\">Comente Aqu\u00ed<\/a><br \/>\n<a href=\"http:\/\/www.flickr.com\/photos\/40435246@N03\/tags\/plancomunasvulnerables\/\">Fotograf\u00edas<\/a><br \/>\n<a href=\"http:\/\/www.serviciodesaludnuble.cl\">M\u00e1s Informaci\u00f3n<\/a><\/font><\/p>\n","protected":false},"excerpt":{"rendered":"<p>Jueves 23 de Julio, importante asamblea comunal se llevo a cabo en la Escuela Santa Irma, sector San Antonio, comunidad rural distante a 21 Km. de Yungay, donde un centenar de personas de los&#46;&#46;&#46;<\/p>\n","protected":false},"author":2,"featured_media":15049,"comment_status":"open","ping_status":"open","sticky":false,"template":"","format":"standard","meta":{"footnotes":""},"categories":[1],"tags":[1115,65,8,6],"class_list":["post-1472","post","type-post","status-publish","format-standard","has-post-thumbnail","hentry","category-noticias","tag-noticias","tag-salud","tag-yungay","tag-yungayino"],"_links":{"self":[{"href":"https:\/\/www.yungayino.cl\/noticias\/index.php?rest_route=\/wp\/v2\/posts\/1472","targetHints":{"allow":["GET"]}}],"collection":[{"href":"https:\/\/www.yungayino.cl\/noticias\/index.php?rest_route=\/wp\/v2\/posts"}],"about":[{"href":"https:\/\/www.yungayino.cl\/noticias\/index.php?rest_route=\/wp\/v2\/types\/post"}],"author":[{"embeddable":true,"href":"https:\/\/www.yungayino.cl\/noticias\/index.php?rest_route=\/wp\/v2\/users\/2"}],"replies":[{"embeddable":true,"href":"https:\/\/www.yungayino.cl\/noticias\/index.php?rest_route=%2Fwp%2Fv2%2Fcomments&post=1472"}],"version-history":[{"count":6,"href":"https:\/\/www.yungayino.cl\/noticias\/index.php?rest_route=\/wp\/v2\/posts\/1472\/revisions"}],"predecessor-version":[{"id":1485,"href":"https:\/\/www.yungayino.cl\/noticias\/index.php?rest_route=\/wp\/v2\/posts\/1472\/revisions\/1485"}],"wp:featuredmedia":[{"embeddable":true,"href":"https:\/\/www.yungayino.cl\/noticias\/index.php?rest_route=\/wp\/v2\/media\/15049"}],"wp:attachment":[{"href":"https:\/\/www.yungayino.cl\/noticias\/index.php?rest_route=%2Fwp%2Fv2%2Fmedia&parent=1472"}],"wp:term":[{"taxonomy":"category","embeddable":true,"href":"https:\/\/www.yungayino.cl\/noticias\/index.php?rest_route=%2Fwp%2Fv2%2Fcategories&post=1472"},{"taxonomy":"post_tag","embeddable":true,"href":"https:\/\/www.yungayino.cl\/noticias\/index.php?rest_route=%2Fwp%2Fv2%2Ftags&post=1472"}],"curies":[{"name":"wp","href":"https:\/\/api.w.org\/{rel}","templated":true}]}}