{"id":14733,"date":"2016-04-27T23:00:54","date_gmt":"2016-04-28T02:00:54","guid":{"rendered":"http:\/\/www.yungayino.cl\/noticias\/?p=14733"},"modified":"2016-05-01T16:08:00","modified_gmt":"2016-05-01T19:08:00","slug":"liceo-de-campanario-realizo-acto-a-carabineros-en-el-aniversario-n89-de-la-institucion","status":"publish","type":"post","link":"https:\/\/www.yungayino.cl\/noticias\/?p=14733","title":{"rendered":"Liceo de Campanario Realiz\u00f3 Acto a Carabineros en el Aniversario N\u00b089 de la Instituci\u00f3n"},"content":{"rendered":"<p style=\"text-align: justify;\"><img loading=\"lazy\" decoding=\"async\" class=\"alignnone size-full wp-image-14734\" src=\"http:\/\/www.yungayino.cl\/noticias\/wp-content\/uploads\/2016\/04\/acto_dia_carabinero_2016.jpg\" alt=\"acto_dia_carabinero_2016\" width=\"700\" height=\"350\" srcset=\"https:\/\/www.yungayino.cl\/noticias\/wp-content\/uploads\/2016\/04\/acto_dia_carabinero_2016.jpg 700w, https:\/\/www.yungayino.cl\/noticias\/wp-content\/uploads\/2016\/04\/acto_dia_carabinero_2016-300x150.jpg 300w\" sizes=\"auto, (max-width: 700px) 100vw, 700px\" \/><\/p>\n<p style=\"text-align: justify;\">Campanario, 27 de abril 2016: En las dependencias del Liceo T\u00e9cnico Profesional de Campanario se llev\u00f3 a cabo el acto en conmemoraci\u00f3n del 89\u00b0 Aniversario de Carabineros de Chile, donde participaron delegaciones de los diferentes establecimientos educacionales de la comuna yungayina.<\/p>\n<p style=\"text-align: justify;\">La actividad que fue organizada por la comunidad escolar del Liceo T\u00e9cnico Profesional Campanario, cont\u00f3 con la asistencia del alcalde Pedro Inostroza Valenzuela, Mayor de Carabineros Sr. Rodrigo Rosales Cataldo, Marcelo Cifuentes, Gerente de Planta Paneles Arauco, Miembros del Concejo Municipal, Funcionarios de Carabineros, Directores y Docentes de los diferentes Establecimientos Educacionales, Gendarmer\u00eda e invitados especiales.<\/p>\n<p style=\"text-align: justify;\"><iframe loading=\"lazy\" style=\"border: none; overflow: hidden;\" src=\"https:\/\/www.facebook.com\/plugins\/post.php?href=https:\/\/www.facebook.com\/media\/set\/?set=a.1288296277852075.1073742805.159561284058919&amp;type=1&amp;l=a064ee3950&amp;l=a77e327dc6&amp;l=f5951f1994&amp;l=bfecbb8adf&amp;l=687b6bf5da&amp;width=500&amp;show_text=true&amp;height=691&amp;appId\" width=\"500\" height=\"691\" frameborder=\"0\" scrolling=\"no\"><\/iframe><\/p>\n<p style=\"text-align: justify;\">El acto se inici\u00f3 con un saludo de bienvenida, para luego interpretar el Himno Nacional, continuando con una peque\u00f1a rese\u00f1a en el marco de esta celebraci\u00f3n, adem\u00e1s de presentaciones de n\u00fameros art\u00edsticos especialmente preparados para la ocasi\u00f3n por los alumnos.<\/p>\n<p style=\"text-align: justify;\">Carmen Panes Cid, Directora del Liceo T\u00e9cnico Profesional Campanario, destac\u00f3 la labor que realizan todos los funcionarios de esta instituci\u00f3n, es por eso que hizo entrega de un galvano de reconocimiento al Mayor Rodrigo Rosales Cataldo y al Suboficial de Carabineros, Juan Carlos Espinoza, Encargado de Asuntos Comunitarios de la Cuarta Comisar\u00eda de Yungay.<\/p>\n<p style=\"text-align: justify;\">Finalmente el Mayor Rodrigo Rosales Cataldo, se\u00f1al\u00f3 al Equipo del Portal Yungayino.cl sentirse gratamente sorprendido y emocionado por el hermosos acto, donde teniendo solamente tres meses en nuestra comuna dijo sentirse un yungayino y parte de la comunidad, donde ha sentido todo el cari\u00f1o de los vecinos, tambi\u00e9n expreso sus saludos a todos los Carabineros tanto de Yungay, Campanario, Pemuco y El Carmen.<\/p>\n<p style=\"text-align: justify;\">[su_button url=\u00bbhttps:\/\/www.facebook.com\/media\/set\/?set=a.1288296277852075.1073742805.159561284058919&amp;type=1&amp;l=a064ee3950&#8243; target=\u00bbblank\u00bb size=\u00bb7&#8243; radius=\u00bbround\u00bb icon=\u00bbicon: facebook-square\u00bb]FOTOGRAF\u00cdAS &#8211; Liceo de Campanario Realiz\u00f3 Acto a Carabineros en el Aniversario N\u00b089 de la Instituci\u00f3n[\/su_button]<\/p>\n","protected":false},"excerpt":{"rendered":"<p>Campanario, 27 de abril 2016: En las dependencias del Liceo T\u00e9cnico Profesional de Campanario se llev\u00f3 a cabo el acto en conmemoraci\u00f3n del 89\u00b0 Aniversario de Carabineros de Chile, donde participaron delegaciones de los&#46;&#46;&#46;<\/p>\n","protected":false},"author":2,"featured_media":14734,"comment_status":"open","ping_status":"open","sticky":false,"template":"","format":"standard","meta":{"footnotes":""},"categories":[5,1],"tags":[1336,1335,31,25,359,771,1115,8,6,117],"class_list":["post-14733","post","type-post","status-publish","format-standard","has-post-thumbnail","hentry","category-eventos","category-noticias","tag-89-anos","tag-aniversario-n-89","tag-campanario","tag-carabineros","tag-dia-carabinero","tag-liceo-campanario","tag-noticias","tag-yungay","tag-yungayino","tag-yungayinocl"],"_links":{"self":[{"href":"https:\/\/www.yungayino.cl\/noticias\/index.php?rest_route=\/wp\/v2\/posts\/14733","targetHints":{"allow":["GET"]}}],"collection":[{"href":"https:\/\/www.yungayino.cl\/noticias\/index.php?rest_route=\/wp\/v2\/posts"}],"about":[{"href":"https:\/\/www.yungayino.cl\/noticias\/index.php?rest_route=\/wp\/v2\/types\/post"}],"author":[{"embeddable":true,"href":"https:\/\/www.yungayino.cl\/noticias\/index.php?rest_route=\/wp\/v2\/users\/2"}],"replies":[{"embeddable":true,"href":"https:\/\/www.yungayino.cl\/noticias\/index.php?rest_route=%2Fwp%2Fv2%2Fcomments&post=14733"}],"version-history":[{"count":3,"href":"https:\/\/www.yungayino.cl\/noticias\/index.php?rest_route=\/wp\/v2\/posts\/14733\/revisions"}],"predecessor-version":[{"id":14776,"href":"https:\/\/www.yungayino.cl\/noticias\/index.php?rest_route=\/wp\/v2\/posts\/14733\/revisions\/14776"}],"wp:featuredmedia":[{"embeddable":true,"href":"https:\/\/www.yungayino.cl\/noticias\/index.php?rest_route=\/wp\/v2\/media\/14734"}],"wp:attachment":[{"href":"https:\/\/www.yungayino.cl\/noticias\/index.php?rest_route=%2Fwp%2Fv2%2Fmedia&parent=14733"}],"wp:term":[{"taxonomy":"category","embeddable":true,"href":"https:\/\/www.yungayino.cl\/noticias\/index.php?rest_route=%2Fwp%2Fv2%2Fcategories&post=14733"},{"taxonomy":"post_tag","embeddable":true,"href":"https:\/\/www.yungayino.cl\/noticias\/index.php?rest_route=%2Fwp%2Fv2%2Ftags&post=14733"}],"curies":[{"name":"wp","href":"https:\/\/api.w.org\/{rel}","templated":true}]}}