{"id":14736,"date":"2016-04-28T13:00:24","date_gmt":"2016-04-28T16:00:24","guid":{"rendered":"http:\/\/www.yungayino.cl\/noticias\/?p=14736"},"modified":"2016-04-30T02:40:48","modified_gmt":"2016-04-30T05:40:48","slug":"liceo-a-17-de-yungay-realizo-acto-de-inauguracion-de-la-feria-de-difusion-y-promocion-de-su-establecimiento","status":"publish","type":"post","link":"https:\/\/www.yungayino.cl\/noticias\/?p=14736","title":{"rendered":"Liceo A-17 de Yungay Realizo Acto de Inauguraci\u00f3n de la \u201cFeria de Difusi\u00f3n y Promoci\u00f3n de su Establecimiento\u201d"},"content":{"rendered":"<p style=\"text-align: justify;\"><img loading=\"lazy\" decoding=\"async\" class=\"alignnone size-full wp-image-14737\" src=\"http:\/\/www.yungayino.cl\/noticias\/wp-content\/uploads\/2016\/04\/liceo_feria_201604.jpg\" alt=\"liceo_feria_201604\" width=\"700\" height=\"350\" srcset=\"https:\/\/www.yungayino.cl\/noticias\/wp-content\/uploads\/2016\/04\/liceo_feria_201604.jpg 700w, https:\/\/www.yungayino.cl\/noticias\/wp-content\/uploads\/2016\/04\/liceo_feria_201604-300x150.jpg 300w\" sizes=\"auto, (max-width: 700px) 100vw, 700px\" \/><br \/>\nYungay, jueves 28 de abril 2016: En el Ode\u00f3n de la Plaza Iquique el Liceo A-17 de Yungay, se llev\u00f3 a cabo el Acto de Inauguraci\u00f3n de la <strong>\u201cFeria de Difusi\u00f3n y Promoci\u00f3n\u201d <\/strong>de su Establecimiento.<\/p>\n<p style=\"text-align: justify;\">La jornada se inici\u00f3 con una Gran Batucada, donde los estudiantes salieron desde el Liceo Modular recorriendo las calles de Yungay hasta la Plaza Iquique, lugar donde estaba instalada la Feria de Difusi\u00f3n y Promoci\u00f3n.<\/p>\n<p style=\"text-align: justify;\"><iframe loading=\"lazy\" style=\"border: none; overflow: hidden;\" src=\"https:\/\/www.facebook.com\/plugins\/post.php?href=https:\/\/www.facebook.com\/media\/set\/?set=a.1288782394470130.1073742806.159561284058919&amp;type=1&amp;l=4e557c96bd&amp;l=a77e327dc6&amp;l=f5951f1994&amp;l=bfecbb8adf&amp;l=687b6bf5da&amp;width=500&amp;show_text=true&amp;height=691&amp;appId\" width=\"500\" height=\"691\" frameborder=\"0\" scrolling=\"no\"><\/iframe><\/p>\n<p style=\"text-align: justify;\">Alas 10:30 horas se llev\u00f3 a cabo el acto con la participaci\u00f3n de autoridades, docentes, apoderados, alumnos y p\u00fablico en general, quienes cantaron el Himno Nacional e Himno del Liceo para iniciar la jornada.<\/p>\n<p style=\"text-align: justify;\">El Director Sergio Villalobos destaco esta Feria de Promoci\u00f3n y Difusi\u00f3n, la cual es apoyada por la Universidad del Biob\u00edo mediante el Programa PACE y tambi\u00e9n agradeci\u00f3 la colaboraci\u00f3n de las instituciones participantes y todos los profesores de los diferentes departamentos que han apoyado a los alumnos a instalar la feria, que busca mostrar a la comunidad todo el trabajo y diferentes ofertas de aprendizaje que se realizan en el Liceo.<\/p>\n<p style=\"text-align: justify;\">En la ocasi\u00f3n el Director Sergio Villalobos firm\u00f3 un convenio de apoyo con el Director del Hospital Comunitario de Salud Familiar Pedro Morales Campos de Yungay, Sr. Osvaldo Acevedo, para posteriormente realizar el tradicional corte de cinta que dio por inaugurada la feria.<\/p>\n<p style=\"text-align: justify;\">Finalmente la Orientadora Marianela Fern\u00e1ndez, se\u00f1alo al Equipo del Portal Yungayino.cl que tambi\u00e9n se llevaron a cabo charlas, las cuales se realizaron en el Auditorio de la Biblioteca P\u00fablica y destac\u00f3 tambi\u00e9n la organizaci\u00f3n de la Marat\u00f3n que recorri\u00f3 las calles de Yungay, y que cont\u00f3 con el apoyo de Carabineros de la Cuarta Comisaria de Yungay.<\/p>\n<p style=\"text-align: justify;\">[su_button url=\u00bbhttps:\/\/www.facebook.com\/media\/set\/?set=a.1288782394470130.1073742806.159561284058919&amp;type=1&amp;l=4e557c96bd\u00bb target=\u00bbblank\u00bb size=\u00bb7&#8243; radius=\u00bbround\u00bb icon=\u00bbicon: facebook-square\u00bb]FOTOGRAF\u00cdAS &#8211; Liceo A-17 de Yungay Realizo Acto de Inauguraci\u00f3n de la \u201cFeria de Difusi\u00f3n y Promoci\u00f3n de su Establecimiento\u201d[\/su_button]<\/p>\n","protected":false},"excerpt":{"rendered":"<p>Yungay, jueves 28 de abril 2016: En el Ode\u00f3n de la Plaza Iquique el Liceo A-17 de Yungay, se llev\u00f3 a cabo el Acto de Inauguraci\u00f3n de la \u201cFeria de Difusi\u00f3n y Promoci\u00f3n\u201d de&#46;&#46;&#46;<\/p>\n","protected":false},"author":2,"featured_media":14737,"comment_status":"open","ping_status":"open","sticky":false,"template":"","format":"standard","meta":{"footnotes":""},"categories":[1],"tags":[89,1115,8,6,117],"class_list":["post-14736","post","type-post","status-publish","format-standard","has-post-thumbnail","hentry","category-noticias","tag-liceo-yungay","tag-noticias","tag-yungay","tag-yungayino","tag-yungayinocl"],"_links":{"self":[{"href":"https:\/\/www.yungayino.cl\/noticias\/index.php?rest_route=\/wp\/v2\/posts\/14736","targetHints":{"allow":["GET"]}}],"collection":[{"href":"https:\/\/www.yungayino.cl\/noticias\/index.php?rest_route=\/wp\/v2\/posts"}],"about":[{"href":"https:\/\/www.yungayino.cl\/noticias\/index.php?rest_route=\/wp\/v2\/types\/post"}],"author":[{"embeddable":true,"href":"https:\/\/www.yungayino.cl\/noticias\/index.php?rest_route=\/wp\/v2\/users\/2"}],"replies":[{"embeddable":true,"href":"https:\/\/www.yungayino.cl\/noticias\/index.php?rest_route=%2Fwp%2Fv2%2Fcomments&post=14736"}],"version-history":[{"count":4,"href":"https:\/\/www.yungayino.cl\/noticias\/index.php?rest_route=\/wp\/v2\/posts\/14736\/revisions"}],"predecessor-version":[{"id":14771,"href":"https:\/\/www.yungayino.cl\/noticias\/index.php?rest_route=\/wp\/v2\/posts\/14736\/revisions\/14771"}],"wp:featuredmedia":[{"embeddable":true,"href":"https:\/\/www.yungayino.cl\/noticias\/index.php?rest_route=\/wp\/v2\/media\/14737"}],"wp:attachment":[{"href":"https:\/\/www.yungayino.cl\/noticias\/index.php?rest_route=%2Fwp%2Fv2%2Fmedia&parent=14736"}],"wp:term":[{"taxonomy":"category","embeddable":true,"href":"https:\/\/www.yungayino.cl\/noticias\/index.php?rest_route=%2Fwp%2Fv2%2Fcategories&post=14736"},{"taxonomy":"post_tag","embeddable":true,"href":"https:\/\/www.yungayino.cl\/noticias\/index.php?rest_route=%2Fwp%2Fv2%2Ftags&post=14736"}],"curies":[{"name":"wp","href":"https:\/\/api.w.org\/{rel}","templated":true}]}}