{"id":14789,"date":"2016-04-30T20:00:32","date_gmt":"2016-04-30T23:00:32","guid":{"rendered":"http:\/\/www.yungayino.cl\/noticias\/?p=14789"},"modified":"2016-05-01T16:47:14","modified_gmt":"2016-05-01T19:47:14","slug":"biblioteca-municipal-de-yungay-celebro-el-dia-del-libro","status":"publish","type":"post","link":"https:\/\/www.yungayino.cl\/noticias\/?p=14789","title":{"rendered":"Biblioteca Municipal de Yungay Celebro el \u201cD\u00eda del Libro\u201d"},"content":{"rendered":"<p><img loading=\"lazy\" decoding=\"async\" class=\"alignnone size-full wp-image-14790\" src=\"http:\/\/www.yungayino.cl\/noticias\/wp-content\/uploads\/2016\/05\/biblioteca_dia_libro_2016.jpg\" alt=\"biblioteca_dia_libro_2016\" width=\"700\" height=\"350\" srcset=\"https:\/\/www.yungayino.cl\/noticias\/wp-content\/uploads\/2016\/05\/biblioteca_dia_libro_2016.jpg 700w, https:\/\/www.yungayino.cl\/noticias\/wp-content\/uploads\/2016\/05\/biblioteca_dia_libro_2016-300x150.jpg 300w\" sizes=\"auto, (max-width: 700px) 100vw, 700px\" \/><\/p>\n<p style=\"text-align: justify;\">Yungay, 30 de abril 2016: Gran Celebraci\u00f3n del D\u00eda Internacional del Libro y del Derecho de Autor tuvo la Biblioteca Municipal Oreste Montero N\u00b0 64 de Yungay, el pasado mi\u00e9rcoles 27 de abril, donde cientos de ni\u00f1os disfrutaron la visita a la biblioteca.<\/p>\n<p><iframe loading=\"lazy\" style=\"border: none; overflow: hidden;\" src=\"https:\/\/www.facebook.com\/plugins\/post.php?href=https:\/\/www.facebook.com\/media\/set\/?set=a.1290943257587377.1073742807.159561284058919&amp;type=1&amp;l=a9d6e599be&amp;l=a77e327dc6&amp;l=f5951f1994&amp;l=bfecbb8adf&amp;l=687b6bf5da&amp;width=500&amp;show_text=true&amp;height=691&amp;appId\" width=\"500\" height=\"691\" frameborder=\"0\" scrolling=\"no\"><\/iframe><\/p>\n<p style=\"text-align: justify;\">Dentro de las actividades m\u00e1s destacadas y que cont\u00f3 con la participaci\u00f3n de cientos de ni\u00f1os de los diferentes establecimientos educacionales de la comuna fue la presentaci\u00f3n de Sandra Aravena, Miembro de la Red Internacional de Cuentacuentos, qui\u00e9n expuso variados cuentos educativos a los ni\u00f1os, quienes con mucha alegr\u00eda participaron activamente, as\u00ed lo se\u00f1alo al Equipo del Portal Yungayino.cl Paulina \u00c1vila, Jefa de Biblioteca.<\/p>\n<p style=\"text-align: justify;\">Finalmente destacar a todo el personal de la biblioteca, quienes recibieron con mucha alegr\u00eda la visita de los ni\u00f1os regal\u00e1ndoles globos y recibi\u00e9ndolos vestidos con disfraces de personajes t\u00edpicos de cuentos, adem\u00e1s de la participaci\u00f3n de Don Leo.<\/p>\n<p style=\"text-align: justify;\">[su_button url=\u00bbhttps:\/\/www.facebook.com\/media\/set\/?set=a.1290943257587377.1073742807.159561284058919&amp;type=1&amp;l=a9d6e599be\u00bb target=\u00bbblank\u00bb size=\u00bb7&#8243; radius=\u00bbround\u00bb icon=\u00bbicon: facebook-square\u00bb]FOTOGRAF\u00cdAS &#8211; Biblioteca Municipal de Yungay Celebro el \u201cD\u00eda del Libro\u00bb[\/su_button]<\/p>\n","protected":false},"excerpt":{"rendered":"<p>Yungay, 30 de abril 2016: Gran Celebraci\u00f3n del D\u00eda Internacional del Libro y del Derecho de Autor tuvo la Biblioteca Municipal Oreste Montero N\u00b0 64 de Yungay, el pasado mi\u00e9rcoles 27 de abril, donde&#46;&#46;&#46;<\/p>\n","protected":false},"author":2,"featured_media":14790,"comment_status":"open","ping_status":"open","sticky":false,"template":"","format":"standard","meta":{"footnotes":""},"categories":[1],"tags":[453,484,1115,8,6,117],"class_list":["post-14789","post","type-post","status-publish","format-standard","has-post-thumbnail","hentry","category-noticias","tag-biblioteca-yungay","tag-dia-del-libro","tag-noticias","tag-yungay","tag-yungayino","tag-yungayinocl"],"_links":{"self":[{"href":"https:\/\/www.yungayino.cl\/noticias\/index.php?rest_route=\/wp\/v2\/posts\/14789","targetHints":{"allow":["GET"]}}],"collection":[{"href":"https:\/\/www.yungayino.cl\/noticias\/index.php?rest_route=\/wp\/v2\/posts"}],"about":[{"href":"https:\/\/www.yungayino.cl\/noticias\/index.php?rest_route=\/wp\/v2\/types\/post"}],"author":[{"embeddable":true,"href":"https:\/\/www.yungayino.cl\/noticias\/index.php?rest_route=\/wp\/v2\/users\/2"}],"replies":[{"embeddable":true,"href":"https:\/\/www.yungayino.cl\/noticias\/index.php?rest_route=%2Fwp%2Fv2%2Fcomments&post=14789"}],"version-history":[{"count":6,"href":"https:\/\/www.yungayino.cl\/noticias\/index.php?rest_route=\/wp\/v2\/posts\/14789\/revisions"}],"predecessor-version":[{"id":14807,"href":"https:\/\/www.yungayino.cl\/noticias\/index.php?rest_route=\/wp\/v2\/posts\/14789\/revisions\/14807"}],"wp:featuredmedia":[{"embeddable":true,"href":"https:\/\/www.yungayino.cl\/noticias\/index.php?rest_route=\/wp\/v2\/media\/14790"}],"wp:attachment":[{"href":"https:\/\/www.yungayino.cl\/noticias\/index.php?rest_route=%2Fwp%2Fv2%2Fmedia&parent=14789"}],"wp:term":[{"taxonomy":"category","embeddable":true,"href":"https:\/\/www.yungayino.cl\/noticias\/index.php?rest_route=%2Fwp%2Fv2%2Fcategories&post=14789"},{"taxonomy":"post_tag","embeddable":true,"href":"https:\/\/www.yungayino.cl\/noticias\/index.php?rest_route=%2Fwp%2Fv2%2Ftags&post=14789"}],"curies":[{"name":"wp","href":"https:\/\/api.w.org\/{rel}","templated":true}]}}