{"id":14831,"date":"2016-05-08T09:00:10","date_gmt":"2016-05-08T12:00:10","guid":{"rendered":"http:\/\/www.yungayino.cl\/noticias\/?p=14831"},"modified":"2016-05-08T10:48:42","modified_gmt":"2016-05-08T13:48:42","slug":"muere-acalde-de-pinto-tras-protagonizar-accidente-de-transito","status":"publish","type":"post","link":"https:\/\/www.yungayino.cl\/noticias\/?p=14831","title":{"rendered":"Muere Acalde de Pinto Tras Protagonizar Accidente de Tr\u00e1nsito"},"content":{"rendered":"<p><img loading=\"lazy\" decoding=\"async\" class=\"alignnone size-full wp-image-14832\" src=\"http:\/\/www.yungayino.cl\/noticias\/wp-content\/uploads\/2016\/05\/alcalde_pinto.jpg\" alt=\"alcalde_pinto\" width=\"700\" height=\"350\" srcset=\"https:\/\/www.yungayino.cl\/noticias\/wp-content\/uploads\/2016\/05\/alcalde_pinto.jpg 700w, https:\/\/www.yungayino.cl\/noticias\/wp-content\/uploads\/2016\/05\/alcalde_pinto-300x150.jpg 300w\" sizes=\"auto, (max-width: 700px) 100vw, 700px\" \/><\/p>\n<p style=\"text-align: justify;\"><span style=\"font-size: 14.0pt; font-family: 'Arial','sans-serif';\">Consternaci\u00f3n y pesar causa en la comuna de Pinto, la muerte de su alcalde en un accidente de tr\u00e1nsito ocurrido cerca de las 06:00 de esta madrugada. <\/span><\/p>\n<p style=\"text-align: justify;\"><span style=\"font-size: 14.0pt; font-family: 'Arial','sans-serif';\">El jefe comunal UDI, Fernando Ch\u00e1vez, regresaba desde San Ignacio tras la celebraci\u00f3n del D\u00eda de la Madre, cuando volc\u00f3 el veh\u00edculo en el que viajaba, a la altura del sector Lluanco. <\/span><\/p>\n<p style=\"text-align: justify;\"><span style=\"font-size: 14.0pt; font-family: 'Arial','sans-serif';\">Seg\u00fan confirm\u00f3 el comandante de Carabineros de Chill\u00e1n, Rodrigo Bravo, el alcalde ven\u00eda conduciendo una camioneta del municipio, a 17 kil\u00f3metros de Pinto.<\/span><\/p>\n<p style=\"text-align: justify;\"><span style=\"font-size: 14.0pt; font-family: 'Arial','sans-serif';\">\u201cEn el puente Lluanco perdi\u00f3 el control del veh\u00edculo cayendo a un costado de \u00e9ste\u201d, dijo el uniformado.<\/span><\/p>\n<p style=\"text-align: justify;\"><span style=\"font-size: 14.0pt; font-family: 'Arial','sans-serif';\">El acompa\u00f1ante de Ch\u00e1vez intent\u00f3 rescatarlo desde el interior de la camioneta, trabajo que fue infructuoso producto de la corriente.<\/span><\/p>\n<p style=\"text-align: justify;\"><span style=\"font-size: 14.0pt; font-family: 'Arial','sans-serif';\">\u201cSe est\u00e1 determinando si falleci\u00f3 producto del impacto o por inmersi\u00f3n\u201d, afirm\u00f3 el comandante Bravo.<\/span><\/p>\n<p style=\"text-align: justify;\"><span style=\"font-size: 14.0pt; font-family: 'Arial','sans-serif';\">En el lugar se encuentra trabajando personal de la SIAT de Carabineros.<\/span><\/p>\n<p style=\"text-align: justify;\"><span style=\"font-size: 14.0pt; font-family: 'Arial','sans-serif';\">El edil era uno de los alcaldes que obtuvo la primera mayor\u00eda nacional en las \u00faltimas municipales, con m\u00e1s de un 80% de adhesi\u00f3n de votos en su comuna. <\/span><\/p>\n<p style=\"text-align: justify;\"><a href=\"http:\/\/www.biobiochile.cl\/2016\/05\/08\/muere-alcalde-de-pinto-tras-protagonizar-accidente-de-transito.shtml\"><span style=\"font-size: 14.0pt; font-family: 'Arial','sans-serif';\">Fuente: Biobiochile.cl<\/span><\/a><\/p>\n","protected":false},"excerpt":{"rendered":"<p>Consternaci\u00f3n y pesar causa en la comuna de Pinto, la muerte de su alcalde en un accidente de tr\u00e1nsito ocurrido cerca de las 06:00 de esta madrugada. El jefe comunal UDI, Fernando Ch\u00e1vez, regresaba&#46;&#46;&#46;<\/p>\n","protected":false},"author":2,"featured_media":14832,"comment_status":"open","ping_status":"open","sticky":false,"template":"","format":"standard","meta":{"footnotes":""},"categories":[1],"tags":[1341,1342,1115,8,6,117],"class_list":["post-14831","post","type-post","status-publish","format-standard","has-post-thumbnail","hentry","category-noticias","tag-alcalde-de-pinto","tag-fernando-chavez","tag-noticias","tag-yungay","tag-yungayino","tag-yungayinocl"],"_links":{"self":[{"href":"https:\/\/www.yungayino.cl\/noticias\/index.php?rest_route=\/wp\/v2\/posts\/14831","targetHints":{"allow":["GET"]}}],"collection":[{"href":"https:\/\/www.yungayino.cl\/noticias\/index.php?rest_route=\/wp\/v2\/posts"}],"about":[{"href":"https:\/\/www.yungayino.cl\/noticias\/index.php?rest_route=\/wp\/v2\/types\/post"}],"author":[{"embeddable":true,"href":"https:\/\/www.yungayino.cl\/noticias\/index.php?rest_route=\/wp\/v2\/users\/2"}],"replies":[{"embeddable":true,"href":"https:\/\/www.yungayino.cl\/noticias\/index.php?rest_route=%2Fwp%2Fv2%2Fcomments&post=14831"}],"version-history":[{"count":1,"href":"https:\/\/www.yungayino.cl\/noticias\/index.php?rest_route=\/wp\/v2\/posts\/14831\/revisions"}],"predecessor-version":[{"id":14833,"href":"https:\/\/www.yungayino.cl\/noticias\/index.php?rest_route=\/wp\/v2\/posts\/14831\/revisions\/14833"}],"wp:featuredmedia":[{"embeddable":true,"href":"https:\/\/www.yungayino.cl\/noticias\/index.php?rest_route=\/wp\/v2\/media\/14832"}],"wp:attachment":[{"href":"https:\/\/www.yungayino.cl\/noticias\/index.php?rest_route=%2Fwp%2Fv2%2Fmedia&parent=14831"}],"wp:term":[{"taxonomy":"category","embeddable":true,"href":"https:\/\/www.yungayino.cl\/noticias\/index.php?rest_route=%2Fwp%2Fv2%2Fcategories&post=14831"},{"taxonomy":"post_tag","embeddable":true,"href":"https:\/\/www.yungayino.cl\/noticias\/index.php?rest_route=%2Fwp%2Fv2%2Ftags&post=14831"}],"curies":[{"name":"wp","href":"https:\/\/api.w.org\/{rel}","templated":true}]}}