{"id":14834,"date":"2016-05-09T10:00:29","date_gmt":"2016-05-09T13:00:29","guid":{"rendered":"http:\/\/www.yungayino.cl\/noticias\/?p=14834"},"modified":"2016-05-09T13:45:42","modified_gmt":"2016-05-09T16:45:42","slug":"con-gran-show-municipio-de-yungay-celebro-el-dia-de-la-madre-en-campanario-y-yungay","status":"publish","type":"post","link":"https:\/\/www.yungayino.cl\/noticias\/?p=14834","title":{"rendered":"Con Gran Show Municipio de Yungay Celebr\u00f3 el \u201cD\u00eda de la Madre\u201d en Campanario y Yungay"},"content":{"rendered":"<p><img loading=\"lazy\" decoding=\"async\" class=\"alignnone size-full wp-image-14835\" src=\"http:\/\/www.yungayino.cl\/noticias\/wp-content\/uploads\/2016\/05\/dia_madre_2016.jpg\" alt=\"dia_madre_2016\" width=\"700\" height=\"393\" srcset=\"https:\/\/www.yungayino.cl\/noticias\/wp-content\/uploads\/2016\/05\/dia_madre_2016.jpg 700w, https:\/\/www.yungayino.cl\/noticias\/wp-content\/uploads\/2016\/05\/dia_madre_2016-300x168.jpg 300w, https:\/\/www.yungayino.cl\/noticias\/wp-content\/uploads\/2016\/05\/dia_madre_2016-267x150.jpg 267w\" sizes=\"auto, (max-width: 700px) 100vw, 700px\" \/><\/p>\n<p style=\"text-align: justify;\">Yungay, lunes 9 de mayo 2016: Con gran show gratuito para todas las madres \u00a0el Municipio de Yungay celebr\u00f3 el <strong>\u201cD\u00eda de la Madre\u201d<\/strong> en Campanario y Yungay, donde haciendo un alto en sus m\u00faltiples labores diarias, se dieron cita cientos de mujeres en los Gimnasios Multiusos de la comuna para celebrar como se lo merecen en este d\u00eda tan especial para ellas.<\/p>\n<p style=\"text-align: justify;\">La actividad organizada por el Municipio local, cont\u00f3 con la presencia del alcalde Pedro Inostroza Valenzuela, Concejales y el parlamentario Jorge Sabag. La celebraci\u00f3n permiti\u00f3 que las Mamitas disfrutaran de un show y una atenci\u00f3n especial para ellas, adem\u00e1s de un presente entregado en dicha oportunidad.<\/p>\n<p style=\"text-align: justify;\">El doble de Pedro Fern\u00e1ndez abri\u00f3 el show con la m\u00fasica ranchera mexicana y tambi\u00e9n con la intensidad de grandes \u00e9xitos como: \u201cme encantas\u201d, \u201cmi forma de sentir\u201d, \u201cyo no fui\u201d, entre otras canciones que hicieron gritar a las mujeres asistentes, exigiendo m\u00e1s canciones y al un\u00edsono pidiendo la colita del cantante.<\/p>\n<p style=\"text-align: justify;\">Las mam\u00e1s que fueron trasladadas de diversos sectores rurales y urbanos de la comuna, tuvieron tambi\u00e9n la oportunidad de disfrutar de un gran show con toda la m\u00fasica de \u201cAm\u00e9rico\u201d.<\/p>\n<p style=\"text-align: justify;\">Finalmente destacar que todas las madres fueron recibidas por los funcionarios municipales del Departamento de Dideco liderada por su Directora, Marcia Ortiz, quienes le hicieron entrega de un regalo a cada uno de ellas.<\/p>\n<p style=\"text-align: justify;\">[su_button url=\u00bbhttps:\/\/www.facebook.com\/media\/set\/?set=a.1296897706991932.1073742815.159561284058919&amp;type=1&amp;l=1a30114120&#8243; target=\u00bbblank\u00bb size=\u00bb7&#8243; radius=\u00bbround\u00bb icon=\u00bbicon: facebook-square\u00bb]FOTOGRAF\u00cdAS \u2013 \u201cD\u00eda de la Madre\u201d en Campanario[\/su_button]<\/p>\n<p style=\"text-align: justify;\">[su_button url=\u00bbhttps:\/\/www.facebook.com\/media\/set\/?set=a.1296907943657575.1073742816.159561284058919&amp;type=1&amp;l=1e3a2113be\u00bb target=\u00bbblank\u00bb size=\u00bb7&#8243; radius=\u00bbround\u00bb icon=\u00bbicon: facebook-square\u00bb]FOTOGRAF\u00cdAS &#8211; \u201cD\u00eda de la Madre\u201d en Yungay[\/su_button]<\/p>\n","protected":false},"excerpt":{"rendered":"<p>Yungay, lunes 9 de mayo 2016: Con gran show gratuito para todas las madres \u00a0el Municipio de Yungay celebr\u00f3 el \u201cD\u00eda de la Madre\u201d en Campanario y Yungay, donde haciendo un alto en sus&#46;&#46;&#46;<\/p>\n","protected":false},"author":2,"featured_media":14835,"comment_status":"open","ping_status":"open","sticky":false,"template":"","format":"standard","meta":{"footnotes":""},"categories":[5,1],"tags":[31,671,1115,8,6,117],"class_list":["post-14834","post","type-post","status-publish","format-standard","has-post-thumbnail","hentry","category-eventos","category-noticias","tag-campanario","tag-dia-de-la-madre","tag-noticias","tag-yungay","tag-yungayino","tag-yungayinocl"],"_links":{"self":[{"href":"https:\/\/www.yungayino.cl\/noticias\/index.php?rest_route=\/wp\/v2\/posts\/14834","targetHints":{"allow":["GET"]}}],"collection":[{"href":"https:\/\/www.yungayino.cl\/noticias\/index.php?rest_route=\/wp\/v2\/posts"}],"about":[{"href":"https:\/\/www.yungayino.cl\/noticias\/index.php?rest_route=\/wp\/v2\/types\/post"}],"author":[{"embeddable":true,"href":"https:\/\/www.yungayino.cl\/noticias\/index.php?rest_route=\/wp\/v2\/users\/2"}],"replies":[{"embeddable":true,"href":"https:\/\/www.yungayino.cl\/noticias\/index.php?rest_route=%2Fwp%2Fv2%2Fcomments&post=14834"}],"version-history":[{"count":4,"href":"https:\/\/www.yungayino.cl\/noticias\/index.php?rest_route=\/wp\/v2\/posts\/14834\/revisions"}],"predecessor-version":[{"id":14839,"href":"https:\/\/www.yungayino.cl\/noticias\/index.php?rest_route=\/wp\/v2\/posts\/14834\/revisions\/14839"}],"wp:featuredmedia":[{"embeddable":true,"href":"https:\/\/www.yungayino.cl\/noticias\/index.php?rest_route=\/wp\/v2\/media\/14835"}],"wp:attachment":[{"href":"https:\/\/www.yungayino.cl\/noticias\/index.php?rest_route=%2Fwp%2Fv2%2Fmedia&parent=14834"}],"wp:term":[{"taxonomy":"category","embeddable":true,"href":"https:\/\/www.yungayino.cl\/noticias\/index.php?rest_route=%2Fwp%2Fv2%2Fcategories&post=14834"},{"taxonomy":"post_tag","embeddable":true,"href":"https:\/\/www.yungayino.cl\/noticias\/index.php?rest_route=%2Fwp%2Fv2%2Ftags&post=14834"}],"curies":[{"name":"wp","href":"https:\/\/api.w.org\/{rel}","templated":true}]}}