{"id":14845,"date":"2016-05-09T20:00:56","date_gmt":"2016-05-09T23:00:56","guid":{"rendered":"http:\/\/www.yungayino.cl\/noticias\/?p=14845"},"modified":"2016-05-09T22:05:30","modified_gmt":"2016-05-10T01:05:30","slug":"red-de-turismo-de-yungay-organizo-cicletada-familiar","status":"publish","type":"post","link":"https:\/\/www.yungayino.cl\/noticias\/?p=14845","title":{"rendered":"Red de Turismo de Yungay Organiz\u00f3 \u201cCicletada Familiar\u201d"},"content":{"rendered":"<p><img loading=\"lazy\" decoding=\"async\" class=\"alignnone size-full wp-image-14842\" src=\"http:\/\/www.yungayino.cl\/noticias\/wp-content\/uploads\/2016\/05\/cicletada_red_turismo_2016.jpg\" alt=\"cicletada_red_turismo_2016\" width=\"700\" height=\"350\" srcset=\"https:\/\/www.yungayino.cl\/noticias\/wp-content\/uploads\/2016\/05\/cicletada_red_turismo_2016.jpg 700w, https:\/\/www.yungayino.cl\/noticias\/wp-content\/uploads\/2016\/05\/cicletada_red_turismo_2016-300x150.jpg 300w\" sizes=\"auto, (max-width: 700px) 100vw, 700px\" \/><\/p>\n<p style=\"text-align: justify;\">Yungay, Lunes 09 de mayo 2016: El pasado s\u00e1bado 7 de mayo se llev\u00f3 a cabo la Cicletada Familiar denominada \u201cYungay Pedaleando con la Red de Turismo\u201d, organizada por la Red de Turismo de Yungay, la cu\u00e1l cont\u00f3 con la colaboraci\u00f3n de la Ilustre Municipalidad de Yungay.<\/p>\n<p style=\"text-align: justify;\">\n<p style=\"text-align: justify;\"><iframe loading=\"lazy\" src=\"https:\/\/www.facebook.com\/plugins\/post.php?href=https:\/\/www.facebook.com\/media\/set\/?set=a.1297169450298091.1073742818.159561284058919&#038;type=1&#038;l=291fa046cb&#038;l=a77e327dc6&#038;l=f5951f1994&#038;l=bfecbb8adf&#038;l=687b6bf5da&#038;width=500&#038;show_text=true&#038;height=691&#038;appId\" width=\"500\" height=\"691\" style=\"border:none;overflow:hidden\" scrolling=\"no\" frameborder=\"0\" allowTransparency=\"true\"><\/iframe>\n<\/p>\n<p style=\"text-align: justify;\">\n<p style=\"text-align: justify;\">\n<p style=\"text-align: justify;\">La jornada tambi\u00e9n contemplo Degustaci\u00f3n Gastron\u00f3mica, Zumbaton, adem\u00e1s los participantes y p\u00fablico en general pudo observar la Muestra Artesanal instalada especialmente para la ocasi\u00f3n.<\/p>\n<p style=\"text-align: justify;\">La Cicletada se inici\u00f3 frente a la Plaza Iquique y conto con la participaci\u00f3n de grandes y chicos, quienes recorrieron las calles de nuestra comuna, todo apoyado durante el recorrido por Carabineros de la Cuarta Comisar\u00eda de Yungay.<\/p>\n<p style=\"text-align: justify;\">Finalmente terminada la cicletada se llev\u00f3 a cabo la entrega de un Diploma de Participaci\u00f3n en reconocimiento a cada uno de los participantes, adem\u00e1s de la entrega de un regalo.<\/p>\n<p style=\"text-align: justify;\">\n<p style=\"text-align: justify;\"><strong>[su_button url=\u00bbhttps:\/\/www.facebook.com\/media\/set\/?set=a.1297169450298091.1073742818.159561284058919&amp;type=1&amp;l=291fa046cb\u00bb target=\u00bbblank\u00bb size=\u00bb7&#8243; radius=\u00bbround\u00bb icon=\u00bbicon: facebook-square\u00bb]FOTOGRAF\u00cdAS &#8211; Red de Turismo de Yungay Organiz\u00f3 \u201cCicletada Familiar\u201d[\/su_button]<\/strong><\/p>\n","protected":false},"excerpt":{"rendered":"<p>Yungay, Lunes 09 de mayo 2016: El pasado s\u00e1bado 7 de mayo se llev\u00f3 a cabo la Cicletada Familiar denominada \u201cYungay Pedaleando con la Red de Turismo\u201d, organizada por la Red de Turismo de&#46;&#46;&#46;<\/p>\n","protected":false},"author":2,"featured_media":14842,"comment_status":"open","ping_status":"open","sticky":false,"template":"","format":"standard","meta":{"footnotes":""},"categories":[17,5,1,15],"tags":[422,1120,1115,1343,8,6,117],"class_list":["post-14845","post","type-post","status-publish","format-standard","has-post-thumbnail","hentry","category-deporte","category-eventos","category-noticias","category-turismo","tag-cicletada","tag-deporte","tag-noticias","tag-red-de-turismo","tag-yungay","tag-yungayino","tag-yungayinocl"],"_links":{"self":[{"href":"https:\/\/www.yungayino.cl\/noticias\/index.php?rest_route=\/wp\/v2\/posts\/14845","targetHints":{"allow":["GET"]}}],"collection":[{"href":"https:\/\/www.yungayino.cl\/noticias\/index.php?rest_route=\/wp\/v2\/posts"}],"about":[{"href":"https:\/\/www.yungayino.cl\/noticias\/index.php?rest_route=\/wp\/v2\/types\/post"}],"author":[{"embeddable":true,"href":"https:\/\/www.yungayino.cl\/noticias\/index.php?rest_route=\/wp\/v2\/users\/2"}],"replies":[{"embeddable":true,"href":"https:\/\/www.yungayino.cl\/noticias\/index.php?rest_route=%2Fwp%2Fv2%2Fcomments&post=14845"}],"version-history":[{"count":1,"href":"https:\/\/www.yungayino.cl\/noticias\/index.php?rest_route=\/wp\/v2\/posts\/14845\/revisions"}],"predecessor-version":[{"id":14846,"href":"https:\/\/www.yungayino.cl\/noticias\/index.php?rest_route=\/wp\/v2\/posts\/14845\/revisions\/14846"}],"wp:featuredmedia":[{"embeddable":true,"href":"https:\/\/www.yungayino.cl\/noticias\/index.php?rest_route=\/wp\/v2\/media\/14842"}],"wp:attachment":[{"href":"https:\/\/www.yungayino.cl\/noticias\/index.php?rest_route=%2Fwp%2Fv2%2Fmedia&parent=14845"}],"wp:term":[{"taxonomy":"category","embeddable":true,"href":"https:\/\/www.yungayino.cl\/noticias\/index.php?rest_route=%2Fwp%2Fv2%2Fcategories&post=14845"},{"taxonomy":"post_tag","embeddable":true,"href":"https:\/\/www.yungayino.cl\/noticias\/index.php?rest_route=%2Fwp%2Fv2%2Ftags&post=14845"}],"curies":[{"name":"wp","href":"https:\/\/api.w.org\/{rel}","templated":true}]}}