{"id":14847,"date":"2016-05-09T22:00:44","date_gmt":"2016-05-10T01:00:44","guid":{"rendered":"http:\/\/www.yungayino.cl\/noticias\/?p=14847"},"modified":"2016-05-09T22:38:18","modified_gmt":"2016-05-10T01:38:18","slug":"inauguracion-sistema-de-agua-potable-rural-en-el-sector-los-nogales-de-yungay","status":"publish","type":"post","link":"https:\/\/www.yungayino.cl\/noticias\/?p=14847","title":{"rendered":"Inauguraci\u00f3n Sistema de Agua Potable Rural en el Sector \u201cLos Nogales\u201d de Yungay"},"content":{"rendered":"<p><img loading=\"lazy\" decoding=\"async\" class=\"alignnone size-full wp-image-14848\" src=\"http:\/\/www.yungayino.cl\/noticias\/wp-content\/uploads\/2016\/05\/apr_los_nogales.jpg\" alt=\"apr_los_nogales\" width=\"700\" height=\"350\" srcset=\"https:\/\/www.yungayino.cl\/noticias\/wp-content\/uploads\/2016\/05\/apr_los_nogales.jpg 700w, https:\/\/www.yungayino.cl\/noticias\/wp-content\/uploads\/2016\/05\/apr_los_nogales-300x150.jpg 300w\" sizes=\"auto, (max-width: 700px) 100vw, 700px\" \/><\/p>\n<p style=\"text-align: justify;\">Yungay, Lunes 09 de mayo 2016: Con mucha alegr\u00eda los vecinos del Sector <strong>\u201cLos Nogales\u201d<\/strong> de Yungay inauguraron las instalaciones de su Sistema de Agua Potable Rural, APR.<\/p>\n<p style=\"text-align: justify;\">Esta iniciativa financiada por el Gobierno Regional del Biob\u00edo, alcanz\u00f3 una inversi\u00f3n cercana a los 230 millones de pesos y beneficiara a 200 familias de este sector rural de la comuna.<\/p>\n<p style=\"text-align: justify;\">\n<p style=\"text-align: justify;\"><iframe loading=\"lazy\" src=\"https:\/\/www.facebook.com\/plugins\/post.php?href=https:\/\/www.facebook.com\/media\/set\/?set=a.1297193503629019.1073742819.159561284058919&#038;type=1&#038;l=215694903f&#038;l=a77e327dc6&#038;l=f5951f1994&#038;l=bfecbb8adf&#038;l=687b6bf5da&#038;width=500&#038;show_text=true&#038;height=691&#038;appId\" width=\"500\" height=\"691\" style=\"border:none;overflow:hidden\" scrolling=\"no\" frameborder=\"0\" allowTransparency=\"true\"><\/iframe>\n<\/p>\n<p style=\"text-align: justify;\">\n<p style=\"text-align: justify;\">El acto de inauguraci\u00f3n fue encabezado por el alcalde Pedro Inostroza Valenzuela, el parlamentario Jorge Sabag, Nelson Burgos, Jefe Departamento de SECPLAN y los concejales Rafael Cifuentes, Marco Cuevas, Ang\u00e9lica Cabezas y Juana Sandoval.<\/p>\n<p style=\"text-align: justify;\">Mar\u00eda Fuentes Ib\u00e1\u00f1ez, presidenta del comit\u00e9 de APR \u201cLos Nogales\u201d y de la Junta de Vecinos, manifest\u00f3 al Equipo del Portal Yungayino.cl su alegr\u00eda por este gran logro, es una gran satisfacci\u00f3n inaugurar este servicio de Agua Potable debido a que era una gran necesidad para todos los vecinos, tambi\u00e9n agradeci\u00f3 el apoyo dado por el Municipio liderado por su alcalde y al Gobierno Regional, finalmente en su discurso de inauguraci\u00f3n la presidenta solicito a las autoridades presentes el apoyo para seguir creciendo en el Sector y espera que en el futuro se concrete la pavimentaci\u00f3n del camino principal.<\/p>\n<p style=\"text-align: justify;\">Por su parte el alcalde Pedro Inostroza Valenzuela destac\u00f3 que aunque el proyecto tard\u00f3 varios a\u00f1os en concretarse, el tes\u00f3n de los dirigentes fue fundamental para concretar este sue\u00f1o y felicito a su presidenta por su buena gesti\u00f3n y trabajo realizado como dirigente, donde al final se logr\u00f3 un mejoramiento en la calidad de vida para sus vecinos llegando a tener agua potable dentro de la casas para sus primeros 58 socios. En \u00faltimo lugar el edil se comprometi\u00f3 a seguir apoy\u00e1ndolos y a luchar por el proyecto de la pavimentaci\u00f3n para su sector.<\/p>\n<p style=\"text-align: justify;\">Finalmente destacar que la presidenta Sra. Mar\u00eda Fuentes Ib\u00e1\u00f1ez invito a todos los asistentes a compartir un coctel y cena preparada especialmente para celebrar esta gran momento.<\/p>\n<p style=\"text-align: justify;\">\n<p style=\"text-align: justify;\">[su_button url=\u00bbhttps:\/\/www.facebook.com\/media\/set\/?set=a.1297193503629019.1073742819.159561284058919&amp;type=1&amp;l=215694903f\u00bb target=\u00bbblank\u00bb size=\u00bb7&#8243; radius=\u00bbround\u00bb icon=\u00bbicon: facebook-square\u00bb]FOTOGRAF\u00cdAS &#8211; Inauguraci\u00f3n Sistema de Agua Potable Rural en el Sector \u201cLos Nogales\u201d de Yungay [\/su_button]<\/p>\n","protected":false},"excerpt":{"rendered":"<p>Yungay, Lunes 09 de mayo 2016: Con mucha alegr\u00eda los vecinos del Sector \u201cLos Nogales\u201d de Yungay inauguraron las instalaciones de su Sistema de Agua Potable Rural, APR. Esta iniciativa financiada por el Gobierno&#46;&#46;&#46;<\/p>\n","protected":false},"author":2,"featured_media":14848,"comment_status":"open","ping_status":"open","sticky":false,"template":"","format":"standard","meta":{"footnotes":""},"categories":[1],"tags":[1345,1115,1344,8,6,117],"class_list":["post-14847","post","type-post","status-publish","format-standard","has-post-thumbnail","hentry","category-noticias","tag-apr","tag-noticias","tag-sector-los-nogales","tag-yungay","tag-yungayino","tag-yungayinocl"],"_links":{"self":[{"href":"https:\/\/www.yungayino.cl\/noticias\/index.php?rest_route=\/wp\/v2\/posts\/14847","targetHints":{"allow":["GET"]}}],"collection":[{"href":"https:\/\/www.yungayino.cl\/noticias\/index.php?rest_route=\/wp\/v2\/posts"}],"about":[{"href":"https:\/\/www.yungayino.cl\/noticias\/index.php?rest_route=\/wp\/v2\/types\/post"}],"author":[{"embeddable":true,"href":"https:\/\/www.yungayino.cl\/noticias\/index.php?rest_route=\/wp\/v2\/users\/2"}],"replies":[{"embeddable":true,"href":"https:\/\/www.yungayino.cl\/noticias\/index.php?rest_route=%2Fwp%2Fv2%2Fcomments&post=14847"}],"version-history":[{"count":1,"href":"https:\/\/www.yungayino.cl\/noticias\/index.php?rest_route=\/wp\/v2\/posts\/14847\/revisions"}],"predecessor-version":[{"id":14849,"href":"https:\/\/www.yungayino.cl\/noticias\/index.php?rest_route=\/wp\/v2\/posts\/14847\/revisions\/14849"}],"wp:featuredmedia":[{"embeddable":true,"href":"https:\/\/www.yungayino.cl\/noticias\/index.php?rest_route=\/wp\/v2\/media\/14848"}],"wp:attachment":[{"href":"https:\/\/www.yungayino.cl\/noticias\/index.php?rest_route=%2Fwp%2Fv2%2Fmedia&parent=14847"}],"wp:term":[{"taxonomy":"category","embeddable":true,"href":"https:\/\/www.yungayino.cl\/noticias\/index.php?rest_route=%2Fwp%2Fv2%2Fcategories&post=14847"},{"taxonomy":"post_tag","embeddable":true,"href":"https:\/\/www.yungayino.cl\/noticias\/index.php?rest_route=%2Fwp%2Fv2%2Ftags&post=14847"}],"curies":[{"name":"wp","href":"https:\/\/api.w.org\/{rel}","templated":true}]}}