{"id":14850,"date":"2016-05-10T20:00:18","date_gmt":"2016-05-10T23:00:18","guid":{"rendered":"http:\/\/www.yungayino.cl\/noticias\/?p=14850"},"modified":"2016-05-10T21:26:36","modified_gmt":"2016-05-11T00:26:36","slug":"vecinos-de-los-mayos-realizaron-la-iv-version-de-la-fiesta-de-la-cruz-de-mayo-en-yungay","status":"publish","type":"post","link":"https:\/\/www.yungayino.cl\/noticias\/?p=14850","title":{"rendered":"Vecinos de Los Mayos Realizaron la \u201cIV Versi\u00f3n de la Fiesta de la Cruz de Mayo\u201d en Yungay"},"content":{"rendered":"<p><img loading=\"lazy\" decoding=\"async\" class=\"alignnone size-full wp-image-14851\" src=\"http:\/\/www.yungayino.cl\/noticias\/wp-content\/uploads\/2016\/05\/cruz_de_mayo_2016.jpg\" alt=\"cruz_de_mayo_2016\" width=\"700\" height=\"350\" srcset=\"https:\/\/www.yungayino.cl\/noticias\/wp-content\/uploads\/2016\/05\/cruz_de_mayo_2016.jpg 700w, https:\/\/www.yungayino.cl\/noticias\/wp-content\/uploads\/2016\/05\/cruz_de_mayo_2016-300x150.jpg 300w\" sizes=\"auto, (max-width: 700px) 100vw, 700px\" \/><\/p>\n<p style=\"text-align: justify;\">Yungay, martes 10 de mayo 2016: Con el objetivo de mantener viva una tradici\u00f3n de la cultura religiosa y popular de nuestra comuna la Junta de Vecinos de Los Mayos organizaron el fin de semana la <strong>\u201cIV Versi\u00f3n de la Fiesta de la Cruz de Mayo\u201d<\/strong>, la cual cont\u00f3 con el Auspicio de la Ilustre Municipalidad de Yungay.<\/p>\n<p style=\"text-align: justify;\">\n<p style=\"text-align: justify;\"><iframe loading=\"lazy\" src=\"https:\/\/www.facebook.com\/plugins\/post.php?href=https:\/\/www.facebook.com\/media\/set\/?set=a.1297920070223029.1073742820.159561284058919&#038;type=1&#038;l=3ea7637d67&#038;l=a77e327dc6&#038;l=f5951f1994&#038;l=bfecbb8adf&#038;l=687b6bf5da&#038;width=500&#038;show_text=true&#038;height=691&#038;appId\" width=\"500\" height=\"691\" style=\"border:none;overflow:hidden\" scrolling=\"no\" frameborder=\"0\" allowTransparency=\"true\"><\/iframe>\n<\/p>\n<p style=\"text-align: justify;\">\n<p style=\"text-align: justify;\">\n<p style=\"text-align: justify;\">La actividad que se inici\u00f3 a partir de las 13:00 horas, donde los asistentes pudieron degustar de las tradicionales comidas t\u00edpicas como estofado, cazuela de campo, sopaipillas, empanadas, tortillas etc., adem\u00e1s de ver los stands con muestras artesanales y tejidos.<\/p>\n<p style=\"text-align: justify;\">Destacar que por la tarde se llev\u00f3 a cabo un gran show art\u00edstico, donde se cont\u00f3 con la participaci\u00f3n de \u201cLos Cuatreros del Folclor\u201d, \u201cTernura Ranchera\u201d y el Doble de \u201cPedro Fern\u00e1ndez\u201d y de \u201cAm\u00e9rico\u201d todo esto en un escenario y carpa especialmente equipado para la ocasi\u00f3n.<\/p>\n<p style=\"text-align: justify;\">Se\u00f1alar que uno de los momentos m\u00e1s esperados de esta fiesta fue el tradicional encendido de la fogata junto a la \u201cCruz\u201d engalanada con flores, como s\u00edmbolo central de esta celebraci\u00f3n.<\/p>\n<p style=\"text-align: justify;\">Finalmente los asistentes disfrutaron participando entusiastamente en la pista de baile del gran show con toda la m\u00fasica en vivo hasta altas horas de la madrugada.<\/p>\n<p style=\"text-align: justify;\">\n<p style=\"text-align: justify;\">[su_button url=\u00bbhttps:\/\/www.facebook.com\/media\/set\/?set=a.1297920070223029.1073742820.159561284058919&amp;type=1&amp;l=3ea7637d67&#8243; target=\u00bbblank\u00bb size=\u00bb7&#8243; radius=\u00bbround\u00bb icon=\u00bbicon: facebook-square\u00bb]FOTOFRAF\u00cdAS &#8211; Vecinos de Los Mayos Realizaron la \u201cIV Versi\u00f3n de la Fiesta de la Cruz de Mayo\u201d en Yungay[\/su_button]<\/p>\n","protected":false},"excerpt":{"rendered":"<p>Yungay, martes 10 de mayo 2016: Con el objetivo de mantener viva una tradici\u00f3n de la cultura religiosa y popular de nuestra comuna la Junta de Vecinos de Los Mayos organizaron el fin de&#46;&#46;&#46;<\/p>\n","protected":false},"author":2,"featured_media":14851,"comment_status":"open","ping_status":"open","sticky":false,"template":"","format":"standard","meta":{"footnotes":""},"categories":[5,1,15],"tags":[663,622,1115,8,6,117],"class_list":["post-14850","post","type-post","status-publish","format-standard","has-post-thumbnail","hentry","category-eventos","category-noticias","category-turismo","tag-cruz-de-mayo","tag-los-mayos","tag-noticias","tag-yungay","tag-yungayino","tag-yungayinocl"],"_links":{"self":[{"href":"https:\/\/www.yungayino.cl\/noticias\/index.php?rest_route=\/wp\/v2\/posts\/14850","targetHints":{"allow":["GET"]}}],"collection":[{"href":"https:\/\/www.yungayino.cl\/noticias\/index.php?rest_route=\/wp\/v2\/posts"}],"about":[{"href":"https:\/\/www.yungayino.cl\/noticias\/index.php?rest_route=\/wp\/v2\/types\/post"}],"author":[{"embeddable":true,"href":"https:\/\/www.yungayino.cl\/noticias\/index.php?rest_route=\/wp\/v2\/users\/2"}],"replies":[{"embeddable":true,"href":"https:\/\/www.yungayino.cl\/noticias\/index.php?rest_route=%2Fwp%2Fv2%2Fcomments&post=14850"}],"version-history":[{"count":1,"href":"https:\/\/www.yungayino.cl\/noticias\/index.php?rest_route=\/wp\/v2\/posts\/14850\/revisions"}],"predecessor-version":[{"id":14852,"href":"https:\/\/www.yungayino.cl\/noticias\/index.php?rest_route=\/wp\/v2\/posts\/14850\/revisions\/14852"}],"wp:featuredmedia":[{"embeddable":true,"href":"https:\/\/www.yungayino.cl\/noticias\/index.php?rest_route=\/wp\/v2\/media\/14851"}],"wp:attachment":[{"href":"https:\/\/www.yungayino.cl\/noticias\/index.php?rest_route=%2Fwp%2Fv2%2Fmedia&parent=14850"}],"wp:term":[{"taxonomy":"category","embeddable":true,"href":"https:\/\/www.yungayino.cl\/noticias\/index.php?rest_route=%2Fwp%2Fv2%2Fcategories&post=14850"},{"taxonomy":"post_tag","embeddable":true,"href":"https:\/\/www.yungayino.cl\/noticias\/index.php?rest_route=%2Fwp%2Fv2%2Ftags&post=14850"}],"curies":[{"name":"wp","href":"https:\/\/api.w.org\/{rel}","templated":true}]}}