{"id":14855,"date":"2016-05-11T14:00:52","date_gmt":"2016-05-11T17:00:52","guid":{"rendered":"http:\/\/www.yungayino.cl\/noticias\/?p=14855"},"modified":"2016-05-11T18:22:52","modified_gmt":"2016-05-11T21:22:52","slug":"programa-chile-crece-contigo-celebro-el-dia-de-la-madre-a-futuras-madres-de-yungay","status":"publish","type":"post","link":"https:\/\/www.yungayino.cl\/noticias\/?p=14855","title":{"rendered":"Programa Chile Crece Contigo Celebr\u00f3 el \u201cD\u00eda de la Madre\u201d a Futuras Madres de Yungay"},"content":{"rendered":"<p><img loading=\"lazy\" decoding=\"async\" class=\"alignnone size-full wp-image-14857\" src=\"http:\/\/www.yungayino.cl\/noticias\/wp-content\/uploads\/2016\/05\/chile_crece_dia_madre_2016.jpg\" alt=\"chile_crece_dia_madre_2016\" width=\"700\" height=\"350\" srcset=\"https:\/\/www.yungayino.cl\/noticias\/wp-content\/uploads\/2016\/05\/chile_crece_dia_madre_2016.jpg 700w, https:\/\/www.yungayino.cl\/noticias\/wp-content\/uploads\/2016\/05\/chile_crece_dia_madre_2016-300x150.jpg 300w\" sizes=\"auto, (max-width: 700px) 100vw, 700px\" \/><\/p>\n<p style=\"text-align: justify;\">Yungay, mi\u00e9rcoles 11 de mayo 2016: En las dependencias del Hospital se realiz\u00f3 una emotiva actividad con motivo de celebrar el <strong>\u201cD\u00eda de la Madre\u201d<\/strong> a las futuras mamitas de Yungay pertenecientes al programa \u201cChile Crece Contigo\u201d.<\/p>\n<p style=\"text-align: justify;\">\n<p style=\"text-align: justify;\"><iframe loading=\"lazy\" src=\"https:\/\/www.facebook.com\/plugins\/post.php?href=https:\/\/www.facebook.com\/media\/set\/?set=a.1298524326829270.1073742821.159561284058919&#038;type=1&#038;l=643d536e27&#038;l=a77e327dc6&#038;l=f5951f1994&#038;l=bfecbb8adf&#038;l=687b6bf5da&#038;width=500&#038;show_text=true&#038;height=691&#038;appId\" width=\"500\" height=\"691\" style=\"border:none;overflow:hidden\" scrolling=\"no\" frameborder=\"0\" allowTransparency=\"true\"><\/iframe>\n<\/p>\n<p style=\"text-align: justify;\">\n<p style=\"text-align: justify;\">\n<p style=\"text-align: justify;\">Indicar que \u201cChile Crece Contigo\u201d es un Sistema de Protecci\u00f3n Integral a la Infancia que tiene como misi\u00f3n acompa\u00f1ar, proteger y apoyar integralmente, a todos los ni\u00f1os, ni\u00f1as y sus familias, a trav\u00e9s de acciones y servicios de car\u00e1cter universal, as\u00ed como focalizando apoyos especiales a aquellos que presentan alguna vulnerabilidad mayor. Tambi\u00e9n forma parte del Sistema Intersectorial de Protecci\u00f3n Social y est\u00e1 en l\u00ednea con los compromisos asumidos por el Estado de Chile, cuyo objetivo principal es acompa\u00f1ar y hacer un seguimiento personalizado a la trayectoria de desarrollo de los ni\u00f1os y ni\u00f1as, desde el primer control de gestaci\u00f3n hasta su ingreso al sistema escolar en el primer nivel de transici\u00f3n o pre k\u00ednder (alrededor de los 4 o 5 a\u00f1os de edad). En la ocasi\u00f3n tambi\u00e9n las mamitas pudieron hacer un ejercicio de relajaci\u00f3n de \u201cYoga\u201d realizado por la monitora Anastasia Y\u00e1\u00f1ez Albornoz.<\/p>\n<p style=\"text-align: justify;\">La actividad conto con la asistencia del Sr. Miguel Badilla en representaci\u00f3n del Municipio Yungayino, Karen Valenzuela Asistente Social representando al Equipo de la Oficina de Protecci\u00f3n de Derechos de la Infancia y Adolescencia (OPD) de la Asociaci\u00f3n Laja Diguill\u00edn, el Director del Hospital Comunitario de Salud Familiar Pedro Morales Campos Osvaldo Acevedo Guti\u00e9rrez, quien destaco esta hermosa actividad y se\u00f1alo que el hospital siempre estar\u00e1 apoyando estas actividades que van en bien de las futuras madres.<\/p>\n<p style=\"text-align: justify;\">Finalmente el Sr. Miguel Badilla se\u00f1alo al Equipo del Portal Yungayino.cl, que esta actividad se viene realizando desde el a\u00f1o 2007 en nuestra comuna, donde las futuras mamitas compartieron un grato momento recibiendo charlas y folletos informativos, adem\u00e1s de entregarles algunos obsequios y compartir un coctel.<\/p>\n<p style=\"text-align: justify;\">\n<p style=\"text-align: justify;\">[su_button url=\u00bbhttps:\/\/www.facebook.com\/media\/set\/?set=a.1298524326829270.1073742821.159561284058919&amp;type=1&amp;l=643d536e27&#8243; target=\u00bbblank\u00bb size=\u00bb7&#8243; radius=\u00bbround\u00bb icon=\u00bbicon: facebook-square\u00bb]FOTOGRAF\u00cdAS &#8211; Programa Chile Crece Contigo Celebr\u00f3 el \u201cD\u00eda de la Madre\u201d a Futuras Madres de Yungay[\/su_button]<\/p>\n","protected":false},"excerpt":{"rendered":"<p>Yungay, mi\u00e9rcoles 11 de mayo 2016: En las dependencias del Hospital se realiz\u00f3 una emotiva actividad con motivo de celebrar el \u201cD\u00eda de la Madre\u201d a las futuras mamitas de Yungay pertenecientes al programa&#46;&#46;&#46;<\/p>\n","protected":false},"author":2,"featured_media":14857,"comment_status":"open","ping_status":"open","sticky":false,"template":"","format":"standard","meta":{"footnotes":""},"categories":[1],"tags":[40,671,210,1115,8,6,117],"class_list":["post-14855","post","type-post","status-publish","format-standard","has-post-thumbnail","hentry","category-noticias","tag-chile-crece","tag-dia-de-la-madre","tag-dia-de-la-madre-chile-crece-contigo","tag-noticias","tag-yungay","tag-yungayino","tag-yungayinocl"],"_links":{"self":[{"href":"https:\/\/www.yungayino.cl\/noticias\/index.php?rest_route=\/wp\/v2\/posts\/14855","targetHints":{"allow":["GET"]}}],"collection":[{"href":"https:\/\/www.yungayino.cl\/noticias\/index.php?rest_route=\/wp\/v2\/posts"}],"about":[{"href":"https:\/\/www.yungayino.cl\/noticias\/index.php?rest_route=\/wp\/v2\/types\/post"}],"author":[{"embeddable":true,"href":"https:\/\/www.yungayino.cl\/noticias\/index.php?rest_route=\/wp\/v2\/users\/2"}],"replies":[{"embeddable":true,"href":"https:\/\/www.yungayino.cl\/noticias\/index.php?rest_route=%2Fwp%2Fv2%2Fcomments&post=14855"}],"version-history":[{"count":1,"href":"https:\/\/www.yungayino.cl\/noticias\/index.php?rest_route=\/wp\/v2\/posts\/14855\/revisions"}],"predecessor-version":[{"id":14858,"href":"https:\/\/www.yungayino.cl\/noticias\/index.php?rest_route=\/wp\/v2\/posts\/14855\/revisions\/14858"}],"wp:featuredmedia":[{"embeddable":true,"href":"https:\/\/www.yungayino.cl\/noticias\/index.php?rest_route=\/wp\/v2\/media\/14857"}],"wp:attachment":[{"href":"https:\/\/www.yungayino.cl\/noticias\/index.php?rest_route=%2Fwp%2Fv2%2Fmedia&parent=14855"}],"wp:term":[{"taxonomy":"category","embeddable":true,"href":"https:\/\/www.yungayino.cl\/noticias\/index.php?rest_route=%2Fwp%2Fv2%2Fcategories&post=14855"},{"taxonomy":"post_tag","embeddable":true,"href":"https:\/\/www.yungayino.cl\/noticias\/index.php?rest_route=%2Fwp%2Fv2%2Ftags&post=14855"}],"curies":[{"name":"wp","href":"https:\/\/api.w.org\/{rel}","templated":true}]}}