{"id":14859,"date":"2016-05-11T16:00:25","date_gmt":"2016-05-11T19:00:25","guid":{"rendered":"http:\/\/www.yungayino.cl\/noticias\/?p=14859"},"modified":"2016-05-11T18:28:22","modified_gmt":"2016-05-11T21:28:22","slug":"escuela-fernando-baquedano-de-yungay-celebro-el-dia-de-la-madre","status":"publish","type":"post","link":"https:\/\/www.yungayino.cl\/noticias\/?p=14859","title":{"rendered":"Escuela Fernando Baquedano de Yungay Celebr\u00f3 el \u201cD\u00eda de la Madre\u201d"},"content":{"rendered":"<p><img loading=\"lazy\" decoding=\"async\" class=\"alignnone size-full wp-image-14856\" src=\"http:\/\/www.yungayino.cl\/noticias\/wp-content\/uploads\/2016\/05\/baquedano_dia_madre_2016.jpg\" alt=\"baquedano_dia_madre_2016\" width=\"700\" height=\"350\" srcset=\"https:\/\/www.yungayino.cl\/noticias\/wp-content\/uploads\/2016\/05\/baquedano_dia_madre_2016.jpg 700w, https:\/\/www.yungayino.cl\/noticias\/wp-content\/uploads\/2016\/05\/baquedano_dia_madre_2016-300x150.jpg 300w\" sizes=\"auto, (max-width: 700px) 100vw, 700px\" \/><\/p>\n<p style=\"text-align: justify;\">Yungay, mi\u00e9rcoles 11 de mayo 2016: En el Auditorio de la Biblioteca P\u00fablica de nuestra comuna, la Comunidad Escolar de la Escuela Fernando Baquedano realizo una sencilla pero emotiva ceremonia con motivo de la Celebraci\u00f3n del <strong>\u201cD\u00eda de la Madre\u201d.<\/strong><\/p>\n<p>&nbsp;<\/p>\n<p><iframe loading=\"lazy\" style=\"border: none; overflow: hidden;\" src=\"https:\/\/www.facebook.com\/plugins\/post.php?href=https:\/\/www.facebook.com\/media\/set\/?set=a.1298530333495336.1073742822.159561284058919&amp;type=1&amp;l=05e6071ae9&amp;l=a77e327dc6&amp;l=f5951f1994&amp;l=bfecbb8adf&amp;l=687b6bf5da&amp;width=500&amp;show_text=true&amp;height=691&amp;appId\" width=\"500\" height=\"691\" frameborder=\"0\" scrolling=\"no\"><\/iframe><\/p>\n<p>&nbsp;<\/p>\n<p style=\"text-align: justify;\">Esta actividad se viene realizando hace cuatro a\u00f1os y que tiene por motivo entregar un reconocimiento a las mam\u00e1s que se han destacado de una u otra manera en la comunidad escolar, y donde son los propios alumnos los que eligieron a las mamitas.<\/p>\n<p style=\"text-align: justify;\">La ceremonia se inici\u00f3 con la interpretaci\u00f3n del Himno Nacional, para luego escuchar las palabras del Director Sr. Sergio Cifuentes Urbano, qui\u00e9n destaco la actividad y felicito a todas las madres que fueron seleccionados por los propios alumnos, por su parte el Presidente del Centro General de Padres Manuel P\u00e9rez Roa, tambi\u00e9n reitero sus felicitaciones a las mamitas.<\/p>\n<p style=\"text-align: justify;\">Finalmente se\u00f1alar que durante la ceremonia se realizaron n\u00fameros art\u00edsticos preparados por los alumnos, se ley\u00f3 el poema \u201cLa Mejor Mam\u00e1 del Universo\u201d y se entregaron presentes.<\/p>\n<p style=\"text-align: justify;\"><strong>[su_button url=\u00bbhttps:\/\/www.facebook.com\/media\/set\/?set=a.1298530333495336.1073742822.159561284058919&amp;type=1&amp;l=05e6071ae9&#8243; target=\u00bbblank\u00bb size=\u00bb7&#8243; radius=\u00bbround\u00bb icon=\u00bbicon: facebook-square\u00bb]FOTOGRAF\u00cdAS &#8211; Escuela Fernando Baquedano de Yungay Celebr\u00f3 el \u201cD\u00eda de la Madre\u201d[\/su_button]<\/strong><\/p>\n","protected":false},"excerpt":{"rendered":"<p>Yungay, mi\u00e9rcoles 11 de mayo 2016: En el Auditorio de la Biblioteca P\u00fablica de nuestra comuna, la Comunidad Escolar de la Escuela Fernando Baquedano realizo una sencilla pero emotiva ceremonia con motivo de la&#46;&#46;&#46;<\/p>\n","protected":false},"author":2,"featured_media":14856,"comment_status":"open","ping_status":"open","sticky":false,"template":"","format":"standard","meta":{"footnotes":""},"categories":[1],"tags":[671,190,1115,8,6,117],"class_list":["post-14859","post","type-post","status-publish","format-standard","has-post-thumbnail","hentry","category-noticias","tag-dia-de-la-madre","tag-escuela-fernando-baquedano","tag-noticias","tag-yungay","tag-yungayino","tag-yungayinocl"],"_links":{"self":[{"href":"https:\/\/www.yungayino.cl\/noticias\/index.php?rest_route=\/wp\/v2\/posts\/14859","targetHints":{"allow":["GET"]}}],"collection":[{"href":"https:\/\/www.yungayino.cl\/noticias\/index.php?rest_route=\/wp\/v2\/posts"}],"about":[{"href":"https:\/\/www.yungayino.cl\/noticias\/index.php?rest_route=\/wp\/v2\/types\/post"}],"author":[{"embeddable":true,"href":"https:\/\/www.yungayino.cl\/noticias\/index.php?rest_route=\/wp\/v2\/users\/2"}],"replies":[{"embeddable":true,"href":"https:\/\/www.yungayino.cl\/noticias\/index.php?rest_route=%2Fwp%2Fv2%2Fcomments&post=14859"}],"version-history":[{"count":2,"href":"https:\/\/www.yungayino.cl\/noticias\/index.php?rest_route=\/wp\/v2\/posts\/14859\/revisions"}],"predecessor-version":[{"id":14861,"href":"https:\/\/www.yungayino.cl\/noticias\/index.php?rest_route=\/wp\/v2\/posts\/14859\/revisions\/14861"}],"wp:featuredmedia":[{"embeddable":true,"href":"https:\/\/www.yungayino.cl\/noticias\/index.php?rest_route=\/wp\/v2\/media\/14856"}],"wp:attachment":[{"href":"https:\/\/www.yungayino.cl\/noticias\/index.php?rest_route=%2Fwp%2Fv2%2Fmedia&parent=14859"}],"wp:term":[{"taxonomy":"category","embeddable":true,"href":"https:\/\/www.yungayino.cl\/noticias\/index.php?rest_route=%2Fwp%2Fv2%2Fcategories&post=14859"},{"taxonomy":"post_tag","embeddable":true,"href":"https:\/\/www.yungayino.cl\/noticias\/index.php?rest_route=%2Fwp%2Fv2%2Ftags&post=14859"}],"curies":[{"name":"wp","href":"https:\/\/api.w.org\/{rel}","templated":true}]}}