{"id":1596,"date":"2009-08-04T01:00:23","date_gmt":"2009-08-04T05:00:23","guid":{"rendered":"http:\/\/www.yungayino.cl\/noticias\/?p=1596"},"modified":"2009-08-03T22:19:53","modified_gmt":"2009-08-04T02:19:53","slug":"semana-internacional-de-la-lactancia-materna","status":"publish","type":"post","link":"https:\/\/www.yungayino.cl\/noticias\/?p=1596","title":{"rendered":"Semana Internacional de la Lactancia Materna"},"content":{"rendered":"<p><img decoding=\"async\" src=\"http:\/\/www.yungayino.cl\/imagenes\/lactanciamaterna.jpg\" alt=\"Semana Internacional de la Lactancia Materna \" \/><\/p>\n<p align=\"justify\"><font size=\"2\">La Semana Internacional de la lactancia Materna, se celebra desde el 31 de julio al 07de agosto. El hospital comunitario de salud familiar Pedro Morales Campos de Yungay,  confeccion\u00f3 un panel informativo, adem\u00e1s se est\u00e1n difundiendo videos educativos y entregando d\u00edpticos educativos en la sala de espera del consultorio, tambi\u00e9n se realizaran difusiones en las radios locales desde el martes 04 al jueves 06 de agosto, para as\u00ed fortalecer la lactancia materna exclusiva hasta los 6 meses de edad del ni\u00f1o. As\u00ed lo inform\u00f3 al Portal Yungayino.cl la Matrona Viviana Correa Aedo.<br \/>\n<a href=\"http:\/\/www.yungayino.cl\/noticias\/?p=1596#comments\">Comente Aqu\u00ed<\/a><br \/>\n<a href=\"http:\/\/www.yungayino.cl\/imagenes\/lactanciamaterna.ppt\" alt=\"Presentaci\u00f3n Lactancia Materna\" \/>Ver Presentaci\u00f3n<\/a><\/font><\/p>\n","protected":false},"excerpt":{"rendered":"<p>La Semana Internacional de la lactancia Materna, se celebra desde el 31 de julio al 07de agosto. El hospital comunitario de salud familiar Pedro Morales Campos de Yungay, confeccion\u00f3 un panel informativo, adem\u00e1s se&#46;&#46;&#46;<\/p>\n","protected":false},"author":2,"featured_media":15064,"comment_status":"open","ping_status":"open","sticky":false,"template":"","format":"standard","meta":{"footnotes":""},"categories":[1],"tags":[1115,8,6],"class_list":["post-1596","post","type-post","status-publish","format-standard","has-post-thumbnail","hentry","category-noticias","tag-noticias","tag-yungay","tag-yungayino"],"_links":{"self":[{"href":"https:\/\/www.yungayino.cl\/noticias\/index.php?rest_route=\/wp\/v2\/posts\/1596","targetHints":{"allow":["GET"]}}],"collection":[{"href":"https:\/\/www.yungayino.cl\/noticias\/index.php?rest_route=\/wp\/v2\/posts"}],"about":[{"href":"https:\/\/www.yungayino.cl\/noticias\/index.php?rest_route=\/wp\/v2\/types\/post"}],"author":[{"embeddable":true,"href":"https:\/\/www.yungayino.cl\/noticias\/index.php?rest_route=\/wp\/v2\/users\/2"}],"replies":[{"embeddable":true,"href":"https:\/\/www.yungayino.cl\/noticias\/index.php?rest_route=%2Fwp%2Fv2%2Fcomments&post=1596"}],"version-history":[{"count":10,"href":"https:\/\/www.yungayino.cl\/noticias\/index.php?rest_route=\/wp\/v2\/posts\/1596\/revisions"}],"predecessor-version":[{"id":1606,"href":"https:\/\/www.yungayino.cl\/noticias\/index.php?rest_route=\/wp\/v2\/posts\/1596\/revisions\/1606"}],"wp:featuredmedia":[{"embeddable":true,"href":"https:\/\/www.yungayino.cl\/noticias\/index.php?rest_route=\/wp\/v2\/media\/15064"}],"wp:attachment":[{"href":"https:\/\/www.yungayino.cl\/noticias\/index.php?rest_route=%2Fwp%2Fv2%2Fmedia&parent=1596"}],"wp:term":[{"taxonomy":"category","embeddable":true,"href":"https:\/\/www.yungayino.cl\/noticias\/index.php?rest_route=%2Fwp%2Fv2%2Fcategories&post=1596"},{"taxonomy":"post_tag","embeddable":true,"href":"https:\/\/www.yungayino.cl\/noticias\/index.php?rest_route=%2Fwp%2Fv2%2Ftags&post=1596"}],"curies":[{"name":"wp","href":"https:\/\/api.w.org\/{rel}","templated":true}]}}