{"id":1622,"date":"2009-08-06T22:00:47","date_gmt":"2009-08-07T02:00:47","guid":{"rendered":"http:\/\/www.yungayino.cl\/noticias\/?p=1622"},"modified":"2009-08-06T22:52:08","modified_gmt":"2009-08-07T02:52:08","slug":"celebracion-dia-del-nino-programa-chile-crece-contigo","status":"publish","type":"post","link":"https:\/\/www.yungayino.cl\/noticias\/?p=1622","title":{"rendered":"Celebraci\u00f3n D\u00eda del Ni\u00f1o, Programa Chile Crece Contigo"},"content":{"rendered":"<p><img decoding=\"async\" src=\"http:\/\/www.yungayino.cl\/imagenes\/dianinochilecrece.jpg\" alt=\"Celebraci\u00f3n D\u00eda del Ni\u00f1o, Programa Chile Crece Contigo\" \/><\/p>\n<p align=\"justify\"><font size=\"2\">Jueves 06 de agosto, en el Internado Eduardo Frei se llevo a cabo la celebraci\u00f3n \u201cD\u00eda del Ni\u00f1o\u201d para un centenar de menores entre los 0 y 4 a\u00f1os de edad. Peque\u00f1os de Yungay y Campanario pudieron disfrutar de un c\u00f3ctel, golosinas, regalos, sorpresas, pi\u00f1ata, m\u00fasica y payasos, preparados especialmente para la ocasi\u00f3n. Esta actividad fue organizada por el Programa Chile Crece Contigo que es un Sistema de Protecci\u00f3n Integral a la Infancia y que tiene como prop\u00f3sito atender las necesidades y apoyar el desarrollo en cada etapa de la primera infancia. Tambi\u00e9n cabe destacar el apoyo prestado por la Red B\u00e1sica de Chile Crece, correspondiente al Equipo del hospital comunitario de salud familiar Pedro Morales Campos y del consultorio rural general de Campanario, adem\u00e1s la colaboraci\u00f3n de las T\u00edas de los jardines infantiles Integra, Nuevo Amanecer y Campanita.<br \/>\n<a href=\"http:\/\/www.yungayino.cl\/noticias\/?p=1622#comments\">Comente Aqu\u00ed<\/a><br \/>\n<a href=\"http:\/\/www.flickr.com\/photos\/40435246@N03\/tags\/chilecrece\/\">Fotograf\u00edas<\/a><\/font><\/p>\n","protected":false},"excerpt":{"rendered":"<p>Jueves 06 de agosto, en el Internado Eduardo Frei se llevo a cabo la celebraci\u00f3n \u201cD\u00eda del Ni\u00f1o\u201d para un centenar de menores entre los 0 y 4 a\u00f1os de edad. Peque\u00f1os de Yungay&#46;&#46;&#46;<\/p>\n","protected":false},"author":2,"featured_media":15067,"comment_status":"open","ping_status":"open","sticky":false,"template":"","format":"standard","meta":{"footnotes":""},"categories":[5,1],"tags":[1117,1115,8,6],"class_list":["post-1622","post","type-post","status-publish","format-standard","has-post-thumbnail","hentry","category-eventos","category-noticias","tag-eventos","tag-noticias","tag-yungay","tag-yungayino"],"_links":{"self":[{"href":"https:\/\/www.yungayino.cl\/noticias\/index.php?rest_route=\/wp\/v2\/posts\/1622","targetHints":{"allow":["GET"]}}],"collection":[{"href":"https:\/\/www.yungayino.cl\/noticias\/index.php?rest_route=\/wp\/v2\/posts"}],"about":[{"href":"https:\/\/www.yungayino.cl\/noticias\/index.php?rest_route=\/wp\/v2\/types\/post"}],"author":[{"embeddable":true,"href":"https:\/\/www.yungayino.cl\/noticias\/index.php?rest_route=\/wp\/v2\/users\/2"}],"replies":[{"embeddable":true,"href":"https:\/\/www.yungayino.cl\/noticias\/index.php?rest_route=%2Fwp%2Fv2%2Fcomments&post=1622"}],"version-history":[{"count":9,"href":"https:\/\/www.yungayino.cl\/noticias\/index.php?rest_route=\/wp\/v2\/posts\/1622\/revisions"}],"predecessor-version":[{"id":1631,"href":"https:\/\/www.yungayino.cl\/noticias\/index.php?rest_route=\/wp\/v2\/posts\/1622\/revisions\/1631"}],"wp:featuredmedia":[{"embeddable":true,"href":"https:\/\/www.yungayino.cl\/noticias\/index.php?rest_route=\/wp\/v2\/media\/15067"}],"wp:attachment":[{"href":"https:\/\/www.yungayino.cl\/noticias\/index.php?rest_route=%2Fwp%2Fv2%2Fmedia&parent=1622"}],"wp:term":[{"taxonomy":"category","embeddable":true,"href":"https:\/\/www.yungayino.cl\/noticias\/index.php?rest_route=%2Fwp%2Fv2%2Fcategories&post=1622"},{"taxonomy":"post_tag","embeddable":true,"href":"https:\/\/www.yungayino.cl\/noticias\/index.php?rest_route=%2Fwp%2Fv2%2Ftags&post=1622"}],"curies":[{"name":"wp","href":"https:\/\/api.w.org\/{rel}","templated":true}]}}