{"id":1635,"date":"2009-08-08T18:00:41","date_gmt":"2009-08-08T22:00:41","guid":{"rendered":"http:\/\/www.yungayino.cl\/noticias\/?p=1635"},"modified":"2009-08-09T21:39:31","modified_gmt":"2009-08-10T01:39:31","slug":"celebracion-%e2%80%9cdia-del-nino%e2%80%9d-en-yungay","status":"publish","type":"post","link":"https:\/\/www.yungayino.cl\/noticias\/?p=1635","title":{"rendered":"Celebraci\u00f3n \u201cD\u00eda del Ni\u00f1o\u201d en Yungay"},"content":{"rendered":"<p><img decoding=\"async\" src=\"http:\/\/www.yungayino.cl\/imagenes\/dianinoyungay.jpg\" alt=\"Celebraci\u00f3n \u201cD\u00eda del Ni\u00f1o\u201d en Yungay\" \/><\/p>\n<p align=\"justify\"><font size=\"2\">S\u00e1bado, 08 de agosto desde las 15:00 horas en el Sal\u00f3n Comunitario Multiuso, se realiz\u00f3 la actividad de celebraci\u00f3n \u201cD\u00eda del ni\u00f1o\u201d donde una multitudinaria asistencia de peque\u00f1os acompa\u00f1ados de sus papitos, provenientes de Los Mayos, El Cardal y Yungay disfrutaron del Show infantil de Pulguita y sus amigos, personajes animados, caritas pintadas, juegos inflables, camas el\u00e1sticas y adem\u00e1s recibieron la entrega de dulces. Esta actividad fue realizada por la Municipalidad de Yungay.<br \/>\n<a href=\"http:\/\/www.yungayino.cl\/noticias\/?p=1635#comments\">Comente Aqu\u00ed<\/a><br \/>\n<a href=\"http:\/\/www.flickr.com\/photos\/40793486@N06\/tags\/d%C3%ADadelni%C3%B1o\/\">Fotograf\u00edas<\/a><\/font><\/p>\n","protected":false},"excerpt":{"rendered":"<p>S\u00e1bado, 08 de agosto desde las 15:00 horas en el Sal\u00f3n Comunitario Multiuso, se realiz\u00f3 la actividad de celebraci\u00f3n \u201cD\u00eda del ni\u00f1o\u201d donde una multitudinaria asistencia de peque\u00f1os acompa\u00f1ados de sus papitos, provenientes de&#46;&#46;&#46;<\/p>\n","protected":false},"author":2,"featured_media":15069,"comment_status":"open","ping_status":"open","sticky":false,"template":"","format":"standard","meta":{"footnotes":""},"categories":[5,1],"tags":[1117,1115,8,6],"class_list":["post-1635","post","type-post","status-publish","format-standard","has-post-thumbnail","hentry","category-eventos","category-noticias","tag-eventos","tag-noticias","tag-yungay","tag-yungayino"],"_links":{"self":[{"href":"https:\/\/www.yungayino.cl\/noticias\/index.php?rest_route=\/wp\/v2\/posts\/1635","targetHints":{"allow":["GET"]}}],"collection":[{"href":"https:\/\/www.yungayino.cl\/noticias\/index.php?rest_route=\/wp\/v2\/posts"}],"about":[{"href":"https:\/\/www.yungayino.cl\/noticias\/index.php?rest_route=\/wp\/v2\/types\/post"}],"author":[{"embeddable":true,"href":"https:\/\/www.yungayino.cl\/noticias\/index.php?rest_route=\/wp\/v2\/users\/2"}],"replies":[{"embeddable":true,"href":"https:\/\/www.yungayino.cl\/noticias\/index.php?rest_route=%2Fwp%2Fv2%2Fcomments&post=1635"}],"version-history":[{"count":7,"href":"https:\/\/www.yungayino.cl\/noticias\/index.php?rest_route=\/wp\/v2\/posts\/1635\/revisions"}],"predecessor-version":[{"id":1645,"href":"https:\/\/www.yungayino.cl\/noticias\/index.php?rest_route=\/wp\/v2\/posts\/1635\/revisions\/1645"}],"wp:featuredmedia":[{"embeddable":true,"href":"https:\/\/www.yungayino.cl\/noticias\/index.php?rest_route=\/wp\/v2\/media\/15069"}],"wp:attachment":[{"href":"https:\/\/www.yungayino.cl\/noticias\/index.php?rest_route=%2Fwp%2Fv2%2Fmedia&parent=1635"}],"wp:term":[{"taxonomy":"category","embeddable":true,"href":"https:\/\/www.yungayino.cl\/noticias\/index.php?rest_route=%2Fwp%2Fv2%2Fcategories&post=1635"},{"taxonomy":"post_tag","embeddable":true,"href":"https:\/\/www.yungayino.cl\/noticias\/index.php?rest_route=%2Fwp%2Fv2%2Ftags&post=1635"}],"curies":[{"name":"wp","href":"https:\/\/api.w.org\/{rel}","templated":true}]}}