{"id":1652,"date":"2009-08-09T10:00:26","date_gmt":"2009-08-09T14:00:26","guid":{"rendered":"http:\/\/www.yungayino.cl\/noticias\/?p=1652"},"modified":"2009-08-11T10:40:48","modified_gmt":"2009-08-11T14:40:48","slug":"en-montanbike-realizaron-viaje-a-sector-el-avellano-y-fatima","status":"publish","type":"post","link":"https:\/\/www.yungayino.cl\/noticias\/?p=1652","title":{"rendered":"En Montanbike Realizaron Viaje a Sector el Avellano y F\u00e1tima"},"content":{"rendered":"<p><img decoding=\"async\" src=\"http:\/\/www.yungayino.cl\/imagenes\/montanbikenieve.jpg\" alt=\"En Montanbike Realizaron Viaje a Sector el Avellano y F\u00e1tima\" \/><\/p>\n<p align=\"justify\"><font size=\"2\">El primer domingo de agosto un grupo de aventureros deportistas realiz\u00f3 un viaje recreativo en Montanbike desde Yungay hacia el sector del Avellano y F\u00e1tima, la salida fue a las 10:00 horas y el regreso a las 14:00 horas. Durante las cuatro horas que dur\u00f3 el recorrido pudieron disfrutar de un hermoso paisaje que nos ofrecen las bondades de la naturaleza, presenciando la precordillera de la comuna de yungay. Informaci\u00f3n enviada por Juan Carlos Reyes.<br \/>\n<a href=\"http:\/\/www.yungayino.cl\/noticias\/?p=1652#comments\">Comente Aqu\u00ed<a\/><br \/>\n<a href=\"http:\/\/www.flickr.com\/photos\/40793486@N06\/tags\/montanbike\/\">Fotograf\u00edas<\/a><\/font><\/p>\n","protected":false},"excerpt":{"rendered":"<p>El primer domingo de agosto un grupo de aventureros deportistas realiz\u00f3 un viaje recreativo en Montanbike desde Yungay hacia el sector del Avellano y F\u00e1tima, la salida fue a las 10:00 horas y el&#46;&#46;&#46;<\/p>\n","protected":false},"author":2,"featured_media":15071,"comment_status":"open","ping_status":"open","sticky":false,"template":"","format":"standard","meta":{"footnotes":""},"categories":[17,1],"tags":[1120,1115,8,6],"class_list":["post-1652","post","type-post","status-publish","format-standard","has-post-thumbnail","hentry","category-deporte","category-noticias","tag-deporte","tag-noticias","tag-yungay","tag-yungayino"],"_links":{"self":[{"href":"https:\/\/www.yungayino.cl\/noticias\/index.php?rest_route=\/wp\/v2\/posts\/1652","targetHints":{"allow":["GET"]}}],"collection":[{"href":"https:\/\/www.yungayino.cl\/noticias\/index.php?rest_route=\/wp\/v2\/posts"}],"about":[{"href":"https:\/\/www.yungayino.cl\/noticias\/index.php?rest_route=\/wp\/v2\/types\/post"}],"author":[{"embeddable":true,"href":"https:\/\/www.yungayino.cl\/noticias\/index.php?rest_route=\/wp\/v2\/users\/2"}],"replies":[{"embeddable":true,"href":"https:\/\/www.yungayino.cl\/noticias\/index.php?rest_route=%2Fwp%2Fv2%2Fcomments&post=1652"}],"version-history":[{"count":4,"href":"https:\/\/www.yungayino.cl\/noticias\/index.php?rest_route=\/wp\/v2\/posts\/1652\/revisions"}],"predecessor-version":[{"id":1656,"href":"https:\/\/www.yungayino.cl\/noticias\/index.php?rest_route=\/wp\/v2\/posts\/1652\/revisions\/1656"}],"wp:featuredmedia":[{"embeddable":true,"href":"https:\/\/www.yungayino.cl\/noticias\/index.php?rest_route=\/wp\/v2\/media\/15071"}],"wp:attachment":[{"href":"https:\/\/www.yungayino.cl\/noticias\/index.php?rest_route=%2Fwp%2Fv2%2Fmedia&parent=1652"}],"wp:term":[{"taxonomy":"category","embeddable":true,"href":"https:\/\/www.yungayino.cl\/noticias\/index.php?rest_route=%2Fwp%2Fv2%2Fcategories&post=1652"},{"taxonomy":"post_tag","embeddable":true,"href":"https:\/\/www.yungayino.cl\/noticias\/index.php?rest_route=%2Fwp%2Fv2%2Ftags&post=1652"}],"curies":[{"name":"wp","href":"https:\/\/api.w.org\/{rel}","templated":true}]}}