{"id":16589,"date":"2016-05-19T14:00:53","date_gmt":"2016-05-19T17:00:53","guid":{"rendered":"http:\/\/www.yungayino.cl\/noticias\/?p=16589"},"modified":"2016-05-20T15:21:47","modified_gmt":"2016-05-20T18:21:47","slug":"academia-de-taekwondo-yungayino-destaco-en-torne-nacional-realizado-en-santiago","status":"publish","type":"post","link":"https:\/\/www.yungayino.cl\/noticias\/?p=16589","title":{"rendered":"Academia de Taekwondo Yungayino Destac\u00f3 en Torneo Nacional Realizado en Santiago"},"content":{"rendered":"<p><img loading=\"lazy\" decoding=\"async\" class=\"alignnone size-full wp-image-16590\" src=\"http:\/\/www.yungayino.cl\/noticias\/wp-content\/uploads\/2016\/05\/taeyung.jpg\" alt=\"taeyung\" width=\"700\" height=\"350\" srcset=\"https:\/\/www.yungayino.cl\/noticias\/wp-content\/uploads\/2016\/05\/taeyung.jpg 700w, https:\/\/www.yungayino.cl\/noticias\/wp-content\/uploads\/2016\/05\/taeyung-300x150.jpg 300w\" sizes=\"auto, (max-width: 700px) 100vw, 700px\" \/><\/p>\n<p style=\"text-align: justify;\">Yungay, jueves 19 de mayo 2016: Una destacada participaci\u00f3n tuvo la Academia de Taekwondo Yungayina <strong>\u201cTAEYUNG\u201d, <\/strong>en su primer campeonato que se realiz\u00f3 el pasado s\u00e1bado 14 y domingo 15 de mayo, y que se llev\u00f3 a cabo en el Gimnasio Chimkowe en la comuna de Pe\u00f1alol\u00e9n en Santiago.<\/p>\n<p style=\"text-align: justify;\">El Campeonato cont\u00f3 con la presencia de numerosas delegaciones provenientes de distintas regiones del pa\u00eds y fue organizado por la Federaci\u00f3n Nacional A.T.A. Bekho Chile.<\/p>\n<p>&nbsp;<\/p>\n<p style=\"text-align: justify;\"><iframe loading=\"lazy\" style=\"border: none; overflow: hidden;\" src=\"https:\/\/www.facebook.com\/plugins\/post.php?href=https:\/\/www.facebook.com\/media\/set\/?set=a.1304196716262031.1073742826.159561284058919&amp;type=1&amp;l=19dfdb2318&amp;l=a77e327dc6&amp;l=f5951f1994&amp;l=bfecbb8adf&amp;l=687b6bf5da&amp;width=500&amp;show_text=true&amp;height=691&amp;appId\" width=\"500\" height=\"691\" frameborder=\"0\" scrolling=\"no\"><\/iframe><\/p>\n<p style=\"text-align: justify;\">Se\u00f1alar que la delegaci\u00f3n Yungayina \u00a0participo en este evento \u00a0bajo el alero de la Academia de Huepil, la cual es dirigida por el Instructor Juan Sarmiento, Cintur\u00f3n Negro Segundo Dan, qui\u00e9n entrena tambi\u00e9n en Campanario y Huepil e hizo extensiva la invitaci\u00f3n a la Academia de Yungay\u00a0 en coordinaci\u00f3n con Denis Alejandro Rivas Vilches, Instructor A.T.A Taekwondo Cintur\u00f3n Negro Primer Dan, qui\u00e9n dirige a la nueva Academia de Yungay, y que obtuvo una destacada participaci\u00f3n adem\u00e1s de obtener varias medallas.<\/p>\n<p style=\"text-align: justify;\">El Instructor, Denis Alejandro Rivas Vilches manifest\u00f3 al Equipo del Portal Yungayino.cl sentirse muy contentos con la destacada participaci\u00f3n de sus alumnos, quienes con una representaci\u00f3n de 9 participantes todos cintur\u00f3n naranjo m\u00e1s alumnos tambi\u00e9n de Huepil y Campanario obtuvieron varias medallas en un campeonato nacional con una alta participaci\u00f3n, por eso destac\u00f3, ya que es la primera participaci\u00f3n de la Academia de Taekwondo Yungayina \u201cTAEYUNG\u201d, la cual naci\u00f3 hace un a\u00f1o y donde la integran alrededor de 30 personas tanto ni\u00f1os como adultos. El Instructor tambi\u00e9n destac\u00f3 el apoyo de los padres en este buen resultado, quienes apoyaron siempre para poder viajar y buscar experiencias en un torneo de esta envergadura, tambi\u00e9n agradeci\u00f3 el apoyo del alcalde Pedro Inostroza Valenzuela, qui\u00e9n realiz\u00f3 las gestiones para facilitar el Gimnasio Multiuso todos los lunes y mi\u00e9rcoles para poder entrenar. Finalmente Denis Alejandro Rivas Vilches, hizo un llamado a quienes quieran integrarse a la academia pueden dirigirse al Gimnasio Multiuso todos los lunes y mi\u00e9rcoles de 20 a 21 horas o llamar al 983441538.<\/p>\n<p style=\"text-align: justify;\">Marcos Constanzo Mart\u00ednez \u00a0Presidente de la Academia \u201cTAEYUNG\u201d de Yungay se\u00f1alo, primero su satisfacci\u00f3n por los buenos resultados de la academia en este primer campeonato y donde destac\u00f3 que esto naci\u00f3 hace un a\u00f1o con un Taller realizado en la Escuela Nueva Esperanza, pero como hubo buenos resultados y una muy buena aceptaci\u00f3n tantos de grandes y chicos decidieron formar una academia para todos quienes quieran participar, tambi\u00e9n dijo que ya est\u00e1n formados con personalidad jur\u00eddica y tienes su directiva, por lo tanto ya est\u00e1n trabajando para ir postulando a proyectos e ir creciendo en este nuevo deporte en Yungay.<\/p>\n<p style=\"text-align: justify;\">[su_button url=\u00bbhttps:\/\/www.facebook.com\/media\/set\/?set=a.1304196716262031.1073742826.159561284058919&amp;type=1&amp;l=19dfdb2318&#8243; target=\u00bbblank\u00bb size=\u00bb7&#8243; radius=\u00bbround\u00bb icon=\u00bbicon: facebook-square\u00bb]FOTOGRAF\u00cdAS -Academia de Taekwondo Yungayino Destac\u00f3 en Torne Nacional Realizado en Santiago[\/su_button]<\/p>\n","protected":false},"excerpt":{"rendered":"<p>Yungay, jueves 19 de mayo 2016: Una destacada participaci\u00f3n tuvo la Academia de Taekwondo Yungayina \u201cTAEYUNG\u201d, en su primer campeonato que se realiz\u00f3 el pasado s\u00e1bado 14 y domingo 15 de mayo, y que&#46;&#46;&#46;<\/p>\n","protected":false},"author":2,"featured_media":16590,"comment_status":"open","ping_status":"open","sticky":false,"template":"","format":"standard","meta":{"footnotes":""},"categories":[17,1],"tags":[1115,1349,1348,8,6,117],"class_list":["post-16589","post","type-post","status-publish","format-standard","has-post-thumbnail","hentry","category-deporte","category-noticias","tag-noticias","tag-taekwondo","tag-taeyung","tag-yungay","tag-yungayino","tag-yungayinocl"],"_links":{"self":[{"href":"https:\/\/www.yungayino.cl\/noticias\/index.php?rest_route=\/wp\/v2\/posts\/16589","targetHints":{"allow":["GET"]}}],"collection":[{"href":"https:\/\/www.yungayino.cl\/noticias\/index.php?rest_route=\/wp\/v2\/posts"}],"about":[{"href":"https:\/\/www.yungayino.cl\/noticias\/index.php?rest_route=\/wp\/v2\/types\/post"}],"author":[{"embeddable":true,"href":"https:\/\/www.yungayino.cl\/noticias\/index.php?rest_route=\/wp\/v2\/users\/2"}],"replies":[{"embeddable":true,"href":"https:\/\/www.yungayino.cl\/noticias\/index.php?rest_route=%2Fwp%2Fv2%2Fcomments&post=16589"}],"version-history":[{"count":7,"href":"https:\/\/www.yungayino.cl\/noticias\/index.php?rest_route=\/wp\/v2\/posts\/16589\/revisions"}],"predecessor-version":[{"id":16598,"href":"https:\/\/www.yungayino.cl\/noticias\/index.php?rest_route=\/wp\/v2\/posts\/16589\/revisions\/16598"}],"wp:featuredmedia":[{"embeddable":true,"href":"https:\/\/www.yungayino.cl\/noticias\/index.php?rest_route=\/wp\/v2\/media\/16590"}],"wp:attachment":[{"href":"https:\/\/www.yungayino.cl\/noticias\/index.php?rest_route=%2Fwp%2Fv2%2Fmedia&parent=16589"}],"wp:term":[{"taxonomy":"category","embeddable":true,"href":"https:\/\/www.yungayino.cl\/noticias\/index.php?rest_route=%2Fwp%2Fv2%2Fcategories&post=16589"},{"taxonomy":"post_tag","embeddable":true,"href":"https:\/\/www.yungayino.cl\/noticias\/index.php?rest_route=%2Fwp%2Fv2%2Ftags&post=16589"}],"curies":[{"name":"wp","href":"https:\/\/api.w.org\/{rel}","templated":true}]}}