{"id":16606,"date":"2016-05-23T10:00:16","date_gmt":"2016-05-23T13:00:16","guid":{"rendered":"http:\/\/www.yungayino.cl\/noticias\/?p=16606"},"modified":"2016-05-23T11:30:40","modified_gmt":"2016-05-23T14:30:40","slug":"daem-yungay-realizo-vi-jornada-tecnologica-2016","status":"publish","type":"post","link":"https:\/\/www.yungayino.cl\/noticias\/?p=16606","title":{"rendered":"DAEM Yungay Realizo \u201cVI Jornada Tecnol\u00f3gica 2016\u201d"},"content":{"rendered":"<p><img loading=\"lazy\" decoding=\"async\" class=\"alignnone size-full wp-image-16607\" src=\"http:\/\/www.yungayino.cl\/noticias\/wp-content\/uploads\/2016\/05\/daem_feria_tecnologica_2016.jpg\" alt=\"daem_feria_tecnologica_2016\" width=\"700\" height=\"350\" srcset=\"https:\/\/www.yungayino.cl\/noticias\/wp-content\/uploads\/2016\/05\/daem_feria_tecnologica_2016.jpg 700w, https:\/\/www.yungayino.cl\/noticias\/wp-content\/uploads\/2016\/05\/daem_feria_tecnologica_2016-300x150.jpg 300w\" sizes=\"auto, (max-width: 700px) 100vw, 700px\" \/><\/p>\n<p style=\"text-align: justify;\">Yungay, lunes 23 de mayo 2016: En la Biblioteca P\u00fablica Oreste Montero de nuestra comuna se llev\u00f3 a cabo la \u201cVI Jornada Tecnol\u00f3gica 2016\u201d, la cual fue organizada por el Departamento de Educaci\u00f3n Municipal, DAEM.<\/p>\n<p style=\"text-align: justify;\">La jornada fue encabezada por la Jefa DAEM, Eugenia L\u00f3pez y el alcalde Pedro Inostroza Valenzuela, tambi\u00e9n se cont\u00f3 con la asistencia de concejales, directores y docentes de los diferentes establecimientos de la comuna e invitados especiales<\/p>\n<p style=\"text-align: justify;\">\n<p style=\"text-align: justify;\"><iframe loading=\"lazy\" src=\"https:\/\/www.facebook.com\/plugins\/post.php?href=https:\/\/www.facebook.com\/media\/set\/?set=a.1306998935981809.1073742827.159561284058919&#038;type=1&#038;l=6601106e26&#038;l=a77e327dc6&#038;l=f5951f1994&#038;l=bfecbb8adf&#038;l=687b6bf5da&#038;width=500&#038;show_text=true&#038;height=691&#038;appId\" width=\"500\" height=\"691\" style=\"border:none;overflow:hidden\" scrolling=\"no\" frameborder=\"0\" allowTransparency=\"true\"><\/iframe>\n<\/p>\n<p style=\"text-align: justify;\">\n<p style=\"text-align: justify;\">Eugenia L\u00f3pez, se\u00f1alo al Equipo del Portal Yungayino.cl que esta iniciativa fue organizada por el Departamento de Administraci\u00f3n de Educaci\u00f3n Municipal (DAEM) y destaco que fue coordinada por el Sr. Francisco Moreno, Coordinador Comunal del \u00c1rea Inform\u00e1tica y Subvenciones del DAEM, la cual ha ido creciendo cada a\u00f1o, y en esta VI versi\u00f3n destaco a las empresas que han venido a exponer y mostrar los avances tecnol\u00f3gicos con el objetivo de impulsar y mejorar el desarrollo de esta tecnolog\u00eda en la educaci\u00f3n de los diferentes establecimientos de la comuna tanto rural como urbano.<\/p>\n<p style=\"text-align: justify;\">Por su parte el Alcalde Pedro Inostroza Valenzuela, destaco en su discurso la importancia de esta jornada la que sin duda es un gran aporte para tomar buenas decisiones al momento de adquirir la mejor tecnolog\u00eda para la educaci\u00f3n de la comuna e ir en ayuda de los j\u00f3venes, tambi\u00e9n agradeci\u00f3 a las empresas participantes donde este a\u00f1o se han incorporado nuevas y finalmente felicito al Sr. Francisco Moreno, Coordinador Comunal del \u00c1rea Inform\u00e1tica y Subvenciones del\u00a0 DAEM por la organizaci\u00f3n de esta VI versi\u00f3n.<\/p>\n<p style=\"text-align: justify;\">Finalmente se\u00f1alar que durante toda la jornada se realizaron presentaciones por parte de las empresas expositoras las cuales concluyeron con un recorrido por los diferentes stands.<\/p>\n<p style=\"text-align: justify;\">\n<p style=\"text-align: justify;\"><strong>[su_button url=\u00bbhttps:\/\/www.facebook.com\/media\/set\/?set=a.1306998935981809.1073742827.159561284058919&amp;type=1&amp;l=6601106e26&#8243; target=\u00bbblank\u00bb size=\u00bb7&#8243; radius=\u00bbround\u00bb icon=\u00bbicon: facebook-square\u00bb]FOTOGRAF\u00cdAS &#8211; DAEM Yungay Realizo \u201cVI Jornada Tecnol\u00f3gica 2016\u201d[\/su_button]<\/strong><\/p>\n","protected":false},"excerpt":{"rendered":"<p>Yungay, lunes 23 de mayo 2016: En la Biblioteca P\u00fablica Oreste Montero de nuestra comuna se llev\u00f3 a cabo la \u201cVI Jornada Tecnol\u00f3gica 2016\u201d, la cual fue organizada por el Departamento de Educaci\u00f3n Municipal,&#46;&#46;&#46;<\/p>\n","protected":false},"author":2,"featured_media":16607,"comment_status":"open","ping_status":"open","sticky":false,"template":"","format":"standard","meta":{"footnotes":""},"categories":[3,1],"tags":[355,1077,1115,8,6,117],"class_list":["post-16606","post","type-post","status-publish","format-standard","has-post-thumbnail","hentry","category-actualidad","category-noticias","tag-daem","tag-jornada-tecnologica","tag-noticias","tag-yungay","tag-yungayino","tag-yungayinocl"],"_links":{"self":[{"href":"https:\/\/www.yungayino.cl\/noticias\/index.php?rest_route=\/wp\/v2\/posts\/16606","targetHints":{"allow":["GET"]}}],"collection":[{"href":"https:\/\/www.yungayino.cl\/noticias\/index.php?rest_route=\/wp\/v2\/posts"}],"about":[{"href":"https:\/\/www.yungayino.cl\/noticias\/index.php?rest_route=\/wp\/v2\/types\/post"}],"author":[{"embeddable":true,"href":"https:\/\/www.yungayino.cl\/noticias\/index.php?rest_route=\/wp\/v2\/users\/2"}],"replies":[{"embeddable":true,"href":"https:\/\/www.yungayino.cl\/noticias\/index.php?rest_route=%2Fwp%2Fv2%2Fcomments&post=16606"}],"version-history":[{"count":1,"href":"https:\/\/www.yungayino.cl\/noticias\/index.php?rest_route=\/wp\/v2\/posts\/16606\/revisions"}],"predecessor-version":[{"id":16608,"href":"https:\/\/www.yungayino.cl\/noticias\/index.php?rest_route=\/wp\/v2\/posts\/16606\/revisions\/16608"}],"wp:featuredmedia":[{"embeddable":true,"href":"https:\/\/www.yungayino.cl\/noticias\/index.php?rest_route=\/wp\/v2\/media\/16607"}],"wp:attachment":[{"href":"https:\/\/www.yungayino.cl\/noticias\/index.php?rest_route=%2Fwp%2Fv2%2Fmedia&parent=16606"}],"wp:term":[{"taxonomy":"category","embeddable":true,"href":"https:\/\/www.yungayino.cl\/noticias\/index.php?rest_route=%2Fwp%2Fv2%2Fcategories&post=16606"},{"taxonomy":"post_tag","embeddable":true,"href":"https:\/\/www.yungayino.cl\/noticias\/index.php?rest_route=%2Fwp%2Fv2%2Ftags&post=16606"}],"curies":[{"name":"wp","href":"https:\/\/api.w.org\/{rel}","templated":true}]}}