{"id":16612,"date":"2016-05-24T23:00:45","date_gmt":"2016-05-25T02:00:45","guid":{"rendered":"http:\/\/www.yungayino.cl\/noticias\/?p=16612"},"modified":"2016-05-25T18:13:48","modified_gmt":"2016-05-25T21:13:48","slug":"en-yungay-se-realizo-acto-que-recordo-a-los-heroes-de-iquique","status":"publish","type":"post","link":"https:\/\/www.yungayino.cl\/noticias\/?p=16612","title":{"rendered":"En Yungay se Realiz\u00f3 Acto que Record\u00f3 a los H\u00e9roes de Iquique"},"content":{"rendered":"<p><img loading=\"lazy\" decoding=\"async\" class=\"alignnone size-full wp-image-16614\" src=\"http:\/\/www.yungayino.cl\/noticias\/wp-content\/uploads\/2016\/05\/acto_21_mayo_2016.jpg\" alt=\"acto_21_mayo_2016\" width=\"700\" height=\"350\" srcset=\"https:\/\/www.yungayino.cl\/noticias\/wp-content\/uploads\/2016\/05\/acto_21_mayo_2016.jpg 700w, https:\/\/www.yungayino.cl\/noticias\/wp-content\/uploads\/2016\/05\/acto_21_mayo_2016-300x150.jpg 300w\" sizes=\"auto, (max-width: 700px) 100vw, 700px\" \/><\/p>\n<p style=\"text-align: justify;\">Yungay, martes 24 de mayo 2016: En las dependencias del Gimnasio Multiuso se realiz\u00f3 un acto para rendir homenaje a las Glorias Navales, efem\u00e9ride Chilena que conmemora el Combate Naval de Iquique, ocurrido el 21 de mayo de 1879, donde muri\u00f3 el capit\u00e1n de fragata Arturo Prat Chac\u00f3n, junto a toda la plana mayor de la corbeta Esmeralda, la cual fue hundida en combate por el monitor peruano Hu\u00e1scar.<\/p>\n<p style=\"text-align: justify;\">\n<p style=\"text-align: justify;\"><iframe loading=\"lazy\" src=\"https:\/\/www.facebook.com\/plugins\/post.php?href=https:\/\/www.facebook.com\/media\/set\/?set=a.1308718239143212.1073742829.159561284058919&#038;type=1&#038;l=d90af99d0f&#038;l=a77e327dc6&#038;l=f5951f1994&#038;l=bfecbb8adf&#038;l=687b6bf5da&#038;width=500&#038;show_text=true&#038;height=691&#038;appId\" width=\"500\" height=\"691\" style=\"border:none;overflow:hidden\" scrolling=\"no\" frameborder=\"0\" allowTransparency=\"true\"><\/iframe>\n<\/p>\n<p style=\"text-align: justify;\">\n<p style=\"text-align: justify;\">\n<p style=\"text-align: justify;\">El acto comunal estuvo a cargo de la Comunidad Escolar del Liceo A -17 de Yungay, la cual fue liderada por su Director, Sergio Villalobos, adem\u00e1s del alcalde Pedro Inostroza, la Jefa del Departamento de Educaci\u00f3n, Eugenia L\u00f3pez, Concejales, Directores de los Diferentes Establecimientos Educacionales de nuestra comuna e invitados especiales.<\/p>\n<p style=\"text-align: justify;\">El acto se inici\u00f3 con la interpretaci\u00f3n del Himno Nacional y de la Armada de Chile, para luego escuchar una alocuci\u00f3n hist\u00f3rica por parte del Profesor Claudio Sep\u00falveda y continuar con la participaci\u00f3n del Grupo Folcl\u00f3rico del Liceo \u201cVerde Valle\u201d.<\/p>\n<p style=\"text-align: justify;\">Finalmente las autoridades presentes se trasladaron a depositar a los pies del busto del Capit\u00e1n Arturo Prat una ofrenda floral.<\/p>\n<p style=\"text-align: justify;\">\n<p style=\"text-align: justify;\">[su_button url=\u00bbhttps:\/\/www.facebook.com\/media\/set\/?set=a.1308718239143212.1073742829.159561284058919&amp;type=1&amp;l=d90af99d0f\u00bb target=\u00bbblank\u00bb size=\u00bb7&#8243; radius=\u00bbround\u00bb icon=\u00bbicon: facebook-square\u00bb]FOTOGRAF\u00cdAS &#8211; En Yungay se Realiz\u00f3 Acto que Record\u00f3 a los H\u00e9roes de Iquique[\/su_button]<\/p>\n","protected":false},"excerpt":{"rendered":"<p>Yungay, martes 24 de mayo 2016: En las dependencias del Gimnasio Multiuso se realiz\u00f3 un acto para rendir homenaje a las Glorias Navales, efem\u00e9ride Chilena que conmemora el Combate Naval de Iquique, ocurrido el&#46;&#46;&#46;<\/p>\n","protected":false},"author":2,"featured_media":16614,"comment_status":"open","ping_status":"open","sticky":false,"template":"","format":"standard","meta":{"footnotes":""},"categories":[3,5,1],"tags":[1351,89,1115,8,6,117],"class_list":["post-16612","post","type-post","status-publish","format-standard","has-post-thumbnail","hentry","category-actualidad","category-eventos","category-noticias","tag-acto-21-mayo","tag-liceo-yungay","tag-noticias","tag-yungay","tag-yungayino","tag-yungayinocl"],"_links":{"self":[{"href":"https:\/\/www.yungayino.cl\/noticias\/index.php?rest_route=\/wp\/v2\/posts\/16612","targetHints":{"allow":["GET"]}}],"collection":[{"href":"https:\/\/www.yungayino.cl\/noticias\/index.php?rest_route=\/wp\/v2\/posts"}],"about":[{"href":"https:\/\/www.yungayino.cl\/noticias\/index.php?rest_route=\/wp\/v2\/types\/post"}],"author":[{"embeddable":true,"href":"https:\/\/www.yungayino.cl\/noticias\/index.php?rest_route=\/wp\/v2\/users\/2"}],"replies":[{"embeddable":true,"href":"https:\/\/www.yungayino.cl\/noticias\/index.php?rest_route=%2Fwp%2Fv2%2Fcomments&post=16612"}],"version-history":[{"count":1,"href":"https:\/\/www.yungayino.cl\/noticias\/index.php?rest_route=\/wp\/v2\/posts\/16612\/revisions"}],"predecessor-version":[{"id":16616,"href":"https:\/\/www.yungayino.cl\/noticias\/index.php?rest_route=\/wp\/v2\/posts\/16612\/revisions\/16616"}],"wp:featuredmedia":[{"embeddable":true,"href":"https:\/\/www.yungayino.cl\/noticias\/index.php?rest_route=\/wp\/v2\/media\/16614"}],"wp:attachment":[{"href":"https:\/\/www.yungayino.cl\/noticias\/index.php?rest_route=%2Fwp%2Fv2%2Fmedia&parent=16612"}],"wp:term":[{"taxonomy":"category","embeddable":true,"href":"https:\/\/www.yungayino.cl\/noticias\/index.php?rest_route=%2Fwp%2Fv2%2Fcategories&post=16612"},{"taxonomy":"post_tag","embeddable":true,"href":"https:\/\/www.yungayino.cl\/noticias\/index.php?rest_route=%2Fwp%2Fv2%2Ftags&post=16612"}],"curies":[{"name":"wp","href":"https:\/\/api.w.org\/{rel}","templated":true}]}}