{"id":16617,"date":"2016-05-25T10:00:00","date_gmt":"2016-05-25T13:00:00","guid":{"rendered":"http:\/\/www.yungayino.cl\/noticias\/?p=16617"},"modified":"2016-05-25T18:22:22","modified_gmt":"2016-05-25T21:22:22","slug":"estudiantes-pemucanos-se-capacitaron-en-arborizacion","status":"publish","type":"post","link":"https:\/\/www.yungayino.cl\/noticias\/?p=16617","title":{"rendered":"Estudiantes Pemucanos se Capacitaron en Arborizaci\u00f3n"},"content":{"rendered":"<p><img loading=\"lazy\" decoding=\"async\" class=\"alignnone size-full wp-image-16613\" src=\"http:\/\/www.yungayino.cl\/noticias\/wp-content\/uploads\/2016\/05\/pemuco_arborizacion_2016.jpg\" alt=\"pemuco_arborizacion_2016\" width=\"700\" height=\"350\" srcset=\"https:\/\/www.yungayino.cl\/noticias\/wp-content\/uploads\/2016\/05\/pemuco_arborizacion_2016.jpg 700w, https:\/\/www.yungayino.cl\/noticias\/wp-content\/uploads\/2016\/05\/pemuco_arborizacion_2016-300x150.jpg 300w\" sizes=\"auto, (max-width: 700px) 100vw, 700px\" \/><\/p>\n<p style=\"text-align: justify;\">Pemuco, mi\u00e9rcoles 25 de mayo 2016: El Departamento de Fomento Productivo de la Municipalidad de Pemuco y CONAF desarrollaron una jornada de capacitaci\u00f3n masiva en arborizaci\u00f3n, dirigida a los estudiantes de tercero y cuarto medio de la especialidad Agropecuaria del Liceo Tom\u00e1s Herrera Vega.<\/p>\n<p style=\"text-align: justify;\"><iframe loading=\"lazy\" style=\"border: none; overflow: hidden;\" src=\"https:\/\/www.facebook.com\/plugins\/post.php?href=https:\/\/www.facebook.com\/media\/set\/?set=a.1308728429142193.1073742830.159561284058919&amp;type=1&amp;l=8ae95483d8&amp;l=a77e327dc6&amp;l=f5951f1994&amp;l=bfecbb8adf&amp;l=687b6bf5da&amp;width=500&amp;show_text=true&amp;height=691&amp;appId\" width=\"500\" height=\"691\" frameborder=\"0\" scrolling=\"no\"><\/iframe><\/p>\n<p style=\"text-align: justify;\">La charla fue dictada por los profesionales Fabi\u00e1n Aguayo y Gonzalo Venegas, representantes de CONAF y cont\u00f3 con la presencia de Gerardo Gu\u00ed\u00f1ez, Encargado de Fomento Productivo de la Municipalidad de Pemuco; Karina Aparicio, Encargada de SEP del Departamento de Educaci\u00f3n Comunal y Jorge Ruiz, Jefe T\u00e9cnico del Liceo beneficiado. El posterior trabajo de terreno se realiz\u00f3 tambi\u00e9n en la parcela adquirida por la Municipalidad de Pemuco para estos fines y ambas instancias se enmarcaron dentro de un ambicioso plan productivo y de hermoseamiento, que se espera concluya con una granja educativa al servicio de la comunidad pemucana en el mediano plazo.<\/p>\n<p style=\"text-align: justify;\">Tanto docentes como estudiantes resaltaron la importancia de contar con esta parcela, que les permite desarrollar de manera pr\u00e1ctica los conocimientos te\u00f3ricos entregados en el aula, y donde pueden experimentar en todo el proceso productivo agr\u00edcola.<\/p>\n<p style=\"text-align: justify;\">La alcaldesa Jacqueline Gu\u00ed\u00f1ez N\u00fa\u00f1ez destac\u00f3 la iniciativa conjunta de CONAF y el municipio que dirige, se\u00f1alando que \u201cnuestra idea es potenciar aquellas \u00e1reas donde Pemuco tiene un marcado horizonte de desarrollo y progreso. Esperamos que nuestros estudiantes valoren y aprendan con esta gran actividad que pretendemos continuar repitiendo en diferentes \u00e1reas de aprendizaje para entregar a nuestros j\u00f3venes las herramientas necesarias para su desarrollo\u201d, concluy\u00f3 la edil.<\/p>\n<p style=\"text-align: justify;\">[su_button url=\u00bbhttps:\/\/www.facebook.com\/media\/set\/?set=a.1308728429142193.1073742830.159561284058919&amp;type=1&amp;l=8ae95483d8&#8243; target=\u00bbblank\u00bb size=\u00bb7&#8243; radius=\u00bbround\u00bb icon=\u00bbicon: facebook-square\u00bb]FOTOGRAF\u00cdAS &#8211; Estudiantes Pemucanos se Capacitaron en Arborizaci\u00f3n[\/su_button]<\/p>\n","protected":false},"excerpt":{"rendered":"<p>Pemuco, mi\u00e9rcoles 25 de mayo 2016: El Departamento de Fomento Productivo de la Municipalidad de Pemuco y CONAF desarrollaron una jornada de capacitaci\u00f3n masiva en arborizaci\u00f3n, dirigida a los estudiantes de tercero y cuarto&#46;&#46;&#46;<\/p>\n","protected":false},"author":2,"featured_media":16613,"comment_status":"open","ping_status":"open","sticky":false,"template":"","format":"standard","meta":{"footnotes":""},"categories":[1],"tags":[1115,30,6,117],"class_list":["post-16617","post","type-post","status-publish","format-standard","has-post-thumbnail","hentry","category-noticias","tag-noticias","tag-pemuco","tag-yungayino","tag-yungayinocl"],"_links":{"self":[{"href":"https:\/\/www.yungayino.cl\/noticias\/index.php?rest_route=\/wp\/v2\/posts\/16617","targetHints":{"allow":["GET"]}}],"collection":[{"href":"https:\/\/www.yungayino.cl\/noticias\/index.php?rest_route=\/wp\/v2\/posts"}],"about":[{"href":"https:\/\/www.yungayino.cl\/noticias\/index.php?rest_route=\/wp\/v2\/types\/post"}],"author":[{"embeddable":true,"href":"https:\/\/www.yungayino.cl\/noticias\/index.php?rest_route=\/wp\/v2\/users\/2"}],"replies":[{"embeddable":true,"href":"https:\/\/www.yungayino.cl\/noticias\/index.php?rest_route=%2Fwp%2Fv2%2Fcomments&post=16617"}],"version-history":[{"count":1,"href":"https:\/\/www.yungayino.cl\/noticias\/index.php?rest_route=\/wp\/v2\/posts\/16617\/revisions"}],"predecessor-version":[{"id":16618,"href":"https:\/\/www.yungayino.cl\/noticias\/index.php?rest_route=\/wp\/v2\/posts\/16617\/revisions\/16618"}],"wp:featuredmedia":[{"embeddable":true,"href":"https:\/\/www.yungayino.cl\/noticias\/index.php?rest_route=\/wp\/v2\/media\/16613"}],"wp:attachment":[{"href":"https:\/\/www.yungayino.cl\/noticias\/index.php?rest_route=%2Fwp%2Fv2%2Fmedia&parent=16617"}],"wp:term":[{"taxonomy":"category","embeddable":true,"href":"https:\/\/www.yungayino.cl\/noticias\/index.php?rest_route=%2Fwp%2Fv2%2Fcategories&post=16617"},{"taxonomy":"post_tag","embeddable":true,"href":"https:\/\/www.yungayino.cl\/noticias\/index.php?rest_route=%2Fwp%2Fv2%2Ftags&post=16617"}],"curies":[{"name":"wp","href":"https:\/\/api.w.org\/{rel}","templated":true}]}}