{"id":16627,"date":"2016-05-29T21:00:30","date_gmt":"2016-05-30T00:00:30","guid":{"rendered":"http:\/\/www.yungayino.cl\/noticias\/?p=16627"},"modified":"2016-05-29T23:33:13","modified_gmt":"2016-05-30T02:33:13","slug":"celebracion-de-la-semana-de-la-educacion-artistica-se-desarrollo-con-exito-en-el-liceo-tecnico-profesional-de-campanario","status":"publish","type":"post","link":"https:\/\/www.yungayino.cl\/noticias\/?p=16627","title":{"rendered":"Celebraci\u00f3n de la Semana de la Educaci\u00f3n Art\u00edstica se Desarroll\u00f3 con \u00c9xito en el Liceo T\u00e9cnico Profesional de Campanario"},"content":{"rendered":"<p><img loading=\"lazy\" decoding=\"async\" class=\"alignnone size-full wp-image-16628\" src=\"http:\/\/www.yungayino.cl\/noticias\/wp-content\/uploads\/2016\/05\/campanario_artistica_2016.jpg\" alt=\"campanario_artistica_2016\" width=\"700\" height=\"393\" srcset=\"https:\/\/www.yungayino.cl\/noticias\/wp-content\/uploads\/2016\/05\/campanario_artistica_2016.jpg 700w, https:\/\/www.yungayino.cl\/noticias\/wp-content\/uploads\/2016\/05\/campanario_artistica_2016-300x168.jpg 300w, https:\/\/www.yungayino.cl\/noticias\/wp-content\/uploads\/2016\/05\/campanario_artistica_2016-267x150.jpg 267w\" sizes=\"auto, (max-width: 700px) 100vw, 700px\" \/><\/p>\n<p style=\"text-align: justify;\">Campanario, domingo 29 de mayo 2016: Con variadas actividades art\u00edsticas el Liceo T\u00e9cnico Profesional de Campanario celebro con \u00e9xito la \u201cSemana de la Educaci\u00f3n Art\u00edstica\u201d.<\/p>\n<p style=\"text-align: justify;\">\n<p style=\"text-align: justify;\"><iframe loading=\"lazy\" src=\"https:\/\/www.facebook.com\/plugins\/post.php?href=https:\/\/www.facebook.com\/media\/set\/?set=a.1311712165510486.1073742833.159561284058919&#038;type=1&#038;l=bf9d788555&#038;l=a77e327dc6&#038;l=f5951f1994&#038;l=bfecbb8adf&#038;l=687b6bf5da&#038;width=500&#038;show_text=true&#038;height=691&#038;appId\" width=\"500\" height=\"691\" style=\"border:none;overflow:hidden\" scrolling=\"no\" frameborder=\"0\" allowTransparency=\"true\"><\/iframe><\/p>\n<p style=\"text-align: justify;\">\n<p style=\"text-align: justify;\">\n<p style=\"text-align: justify;\">La Semana de la Educaci\u00f3n Art\u00edstica (SEA) es una actividad organizada a nivel mundial, esta celebraci\u00f3n fue proclamada el a\u00f1o 2011 por Unesco, convocando a todos los pa\u00edses asociados a sumarse con iniciativas locales. Chile se une a esta celebraci\u00f3n internacional a partir del a\u00f1o 2013. Desde entonces la SEA se ha ido consolidado como una plataforma de articulaci\u00f3n de actores, construcci\u00f3n de sentidos y visibilizaci\u00f3n de pr\u00e1cticas de Ense\u00f1anza Aprendizaje del pa\u00eds, y que busca \u201csensibilizar a la comunidad internacional sobre la importancia de la educaci\u00f3n art\u00edstica; y promover la diversidad cultural, el di\u00e1logo intercultural y la cohesi\u00f3n social\u201d. En Chile, es organizada por la UNESCO, el Consejo Nacional de la Cultura y las Artes, el Ministerio de Educaci\u00f3n, la Direcci\u00f3n de Bibliotecas, Archivos y Museos, la Universidad de Chile y Balmaceda Arte Joven, y est\u00e1 dirigida a estudiantes de escuelas y liceos del pa\u00eds, etapa de la ense\u00f1anza donde el desarrollo de las artes y la creatividad cumplen un papel fundamental para generar sujetos m\u00e1s libres y conscientes de su entorno.<\/p>\n<p style=\"text-align: justify;\">La semana art\u00edstica en el Liceo de Campanario la cerr\u00f3 con la destacada participaci\u00f3n del cantante y folclorista nacional, Lucho Castillo quien tuvo la buena disposici\u00f3n de trabajar con los ni\u00f1os y mostrar su arte, todo con el objetivo de incentivar y motivar a los j\u00f3venes en la b\u00fasqueda de sus propios talentos.<\/p>\n<p style=\"text-align: justify;\">Finalmente la Srta. Carmen Panes, Directora del Liceo se\u00f1alo al Equipo del Portal Yungayino.cl, que la semana art\u00edstica se inici\u00f3 el 23 de mayo, y donde destac\u00f3 que quisieron realizarlo con artistas de la zona, fue as\u00ed que participaron el conocido artesano de nuestra comuna y de la regi\u00f3n Chano Anabal\u00f3n, qui\u00e9n trabaj\u00f3 con los ni\u00f1os y les mostro su arte, tambi\u00e9n destac\u00f3 a la se\u00f1ora Sonia Avenda\u00f1o, Artesana en Pita y reiter\u00f3 sus agradecimientos a Luchito Castillo, por su buena disposici\u00f3n con todos los j\u00f3venes del Liceo y espera contar con \u00e9l para la pr\u00f3xima muestra campesina, y as\u00ed seguir incentivando como Liceo todo lo que es el arte para toda la comunidad escolar.<\/p>\n<p style=\"text-align: justify;\">\n<p style=\"text-align: justify;\">[su_button url=\u00bbhttps:\/\/www.facebook.com\/media\/set\/?set=a.1311712165510486.1073742833.159561284058919&amp;type=1&amp;l=bf9d788555&#8243; target=\u00bbblank\u00bb size=\u00bb7&#8243; radius=\u00bbround\u00bb icon=\u00bbicon: facebook-square\u00bb]FOTOGRAF\u00cdAS &#8211; Celebraci\u00f3n de la Semana de la Educaci\u00f3n Art\u00edstica se Desarroll\u00f3 con \u00c9xito en el Liceo T\u00e9cnico Profesional de Campanario[\/su_button]<\/p>\n","protected":false},"excerpt":{"rendered":"<p>Campanario, domingo 29 de mayo 2016: Con variadas actividades art\u00edsticas el Liceo T\u00e9cnico Profesional de Campanario celebro con \u00e9xito la \u201cSemana de la Educaci\u00f3n Art\u00edstica\u201d. La Semana de la Educaci\u00f3n Art\u00edstica (SEA) es una&#46;&#46;&#46;<\/p>\n","protected":false},"author":2,"featured_media":16628,"comment_status":"open","ping_status":"open","sticky":false,"template":"","format":"standard","meta":{"footnotes":""},"categories":[5,1],"tags":[31,412,771,627,1354,8,6,117],"class_list":["post-16627","post","type-post","status-publish","format-standard","has-post-thumbnail","hentry","category-eventos","category-noticias","tag-campanario","tag-chano-anabalon","tag-liceo-campanario","tag-luis-castillo","tag-semana-artistica","tag-yungay","tag-yungayino","tag-yungayinocl"],"_links":{"self":[{"href":"https:\/\/www.yungayino.cl\/noticias\/index.php?rest_route=\/wp\/v2\/posts\/16627","targetHints":{"allow":["GET"]}}],"collection":[{"href":"https:\/\/www.yungayino.cl\/noticias\/index.php?rest_route=\/wp\/v2\/posts"}],"about":[{"href":"https:\/\/www.yungayino.cl\/noticias\/index.php?rest_route=\/wp\/v2\/types\/post"}],"author":[{"embeddable":true,"href":"https:\/\/www.yungayino.cl\/noticias\/index.php?rest_route=\/wp\/v2\/users\/2"}],"replies":[{"embeddable":true,"href":"https:\/\/www.yungayino.cl\/noticias\/index.php?rest_route=%2Fwp%2Fv2%2Fcomments&post=16627"}],"version-history":[{"count":1,"href":"https:\/\/www.yungayino.cl\/noticias\/index.php?rest_route=\/wp\/v2\/posts\/16627\/revisions"}],"predecessor-version":[{"id":16629,"href":"https:\/\/www.yungayino.cl\/noticias\/index.php?rest_route=\/wp\/v2\/posts\/16627\/revisions\/16629"}],"wp:featuredmedia":[{"embeddable":true,"href":"https:\/\/www.yungayino.cl\/noticias\/index.php?rest_route=\/wp\/v2\/media\/16628"}],"wp:attachment":[{"href":"https:\/\/www.yungayino.cl\/noticias\/index.php?rest_route=%2Fwp%2Fv2%2Fmedia&parent=16627"}],"wp:term":[{"taxonomy":"category","embeddable":true,"href":"https:\/\/www.yungayino.cl\/noticias\/index.php?rest_route=%2Fwp%2Fv2%2Fcategories&post=16627"},{"taxonomy":"post_tag","embeddable":true,"href":"https:\/\/www.yungayino.cl\/noticias\/index.php?rest_route=%2Fwp%2Fv2%2Ftags&post=16627"}],"curies":[{"name":"wp","href":"https:\/\/api.w.org\/{rel}","templated":true}]}}